{"id":359,"date":"2018-06-20T09:18:46","date_gmt":"2018-06-20T12:18:46","guid":{"rendered":"http:\/\/fundacaoemfoco.com.br\/?p=359"},"modified":"2019-10-28T16:24:09","modified_gmt":"2019-10-28T19:24:09","slug":"pessoas-sao-pessoas","status":"publish","type":"post","link":"https:\/\/www.conveniar.com.br\/blog\/pessoas-sao-pessoas\/","title":{"rendered":"Como sua Funda\u00e7\u00e3o te enxerga, Pessoa ou Recurso Humano?"},"content":{"rendered":"<p>Um tema que tem sido cada vez mais debatido entre a comunidade de funda\u00e7\u00f5es de apoio \u00e9 a preocupa\u00e7\u00e3o crescente com o desenvolvimento profissional dos colaboradores e o impacto dessa rela\u00e7\u00e3o nas atividades operacionais. Est\u00e1 cada dia mais obsoleta a mentalidade que considera uma \u00e1rea de gest\u00e3o de pessoas como centro de custo e n\u00e3o como um investimento propulsor de qualidade e alcance de metas numa organiza\u00e7\u00e3o.<\/p>\n<p>Para aprofundar mais no tema conversamos com a expert em gest\u00e3o e desenvolvimento de pessoas Luisa Paniago, ex colaboradora da Funda\u00e7\u00e3o Arthur Bernardes \u2013 FUNARBE, e atual empreendedora da Reinvente-se Desenvolvimento de Pessoas, consultoria que presta servi\u00e7os a funda\u00e7\u00f5es de apoio, colaborando para otimizar e superar as suas metas e resultados. Bora entender melhor como sua institui\u00e7\u00e3o pode se destacar no mercado?<\/p>\n<h2><strong>A divis\u00e3o de responsabilidades de quem \u00e9 encarregado por quest\u00f5es burocr\u00e1ticas de um colaborador e de quem \u00e9 incumbido de avaliar desempenho, desenvolver pessoas e direcionar treinamentos ainda \u00e9 um cen\u00e1rio confuso dentro de grande parte das funda\u00e7\u00f5es de apoio. Afinal, qual a diferen\u00e7a do setor de RH e Gest\u00e3o de Pessoas?<\/strong><\/h2>\n<p>RH ou Recursos Humanos \u00e9 um nome antigo, est\u00e1 caindo em desuso. Pessoas n\u00e3o s\u00e3o recursos. Pessoas s\u00e3o pessoas. E quando se fala em RH ainda vem aquela conota\u00e7\u00e3o de departamento pessoal. A nomenclatura sugerida atualmente \u00e9 Departamento Pessoal e Gest\u00e3o de Pessoas, mas algumas funda\u00e7\u00f5es ainda utilizam o termo Recursos Humanos, que na verdade acaba cumprindo as fun\u00e7\u00f5es apenas de um Departamento Pessoal.<\/p>\n<p><strong>Recursos humanos todo mundo tem. \u00c9 a\u00ed que se confunde com Gest\u00e3o de Pessoas<\/strong>. O que a \u00e1rea de Recursos Humanos faz? Folha de pagamento, recolhimento de encargos, f\u00e9rias de funcion\u00e1rios, controle de ponto, jornada de trabalho, enfim, toda essa parte legal referente a departamento pessoal, \u00e9 o Recursos Humanos.<\/p>\n<p>J\u00e1 a Gest\u00e3o de Pessoas cuida, de fato, de pessoas. \u00c9 ela que d\u00e1 uma carreira, um futuro na organiza\u00e7\u00e3o para os colaboradores. \u00c9 ela que elabora um plano de carreira, que descreve os cargos, que orienta na medi\u00e7\u00e3o do desempenho, que seleciona pessoas, que motiva equipes, que monta uma hierarquia estrat\u00e9gica para a institui\u00e7\u00e3o. O organograma atualmente \u00e9 estruturado em parceira com a Gest\u00e3o de Pessoas, obviamente com a participa\u00e7\u00e3o dos principais l\u00edderes dos setores, <strong>afinal montar um organograma \u00e9 extremamente estrat\u00e9gico e \u00e9 fundamental a participa\u00e7\u00e3o dos especialistas em comportamento humano na defini\u00e7\u00e3o dessas diretrizes organizacionais<\/strong>. Institui\u00e7\u00f5es s\u00e3o feitas de pessoas! Fazer com que as pe\u00e7as se encaixem e que o fluxo de informa\u00e7\u00e3o flua acontece a partir dos cargos, que s\u00e3o elaborados e descritos pela Gest\u00e3o de Pessoas.<\/p>\n<h2><strong>Qual o impacto real dos planos de carreira dentro de uma funda\u00e7\u00e3o?<\/strong><\/h2>\n<p>A partir do momento que se tem um plano de carreira na organiza\u00e7\u00e3o, o colaborador passa a ver uma possibilidade de um futuro profissional. Possibilidade de crescimento, aprendizado e contribui\u00e7\u00e3o s\u00e3o fatores fundamentais para a motiva\u00e7\u00e3o e, consequentemente, redu\u00e7\u00e3o da rotatividade. Quando associado a um programa de gest\u00e3o do desempenho \u00e9 ainda mais gratificante, pois sabe-se que a meritocracia e regras objetivas ser\u00e3o os precursores de uma alavancagem pessoal e profissional. Al\u00e9m disso, ainda fica claro para os dois lados, colaborador e funda\u00e7\u00e3o, as atividades a serem desenvolvidas, as compet\u00eancias esperadas e suas metas objetivas. Tudo isso forma uma avalia\u00e7\u00e3o do desempenho, que \u00e9 um momento para o colaborador se desenvolver e ter oportunidade real de ascens\u00e3o de carreira, identificando o que pode desenvolver e seus talentos mais consolidados.<\/p>\n<p>Um plano de cargos que n\u00e3o tem uma ascens\u00e3o profissional \u00e9 s\u00f3 mapeamento de cargo e n\u00e3o um plano de carreira. Tem que ter uma possibilidade de crescimento, e eu particularmente, acredito muito nesse v\u00ednculo com a avalia\u00e7\u00e3o de desempenho, para que a meritocracia aconte\u00e7a dentro de uma funda\u00e7\u00e3o de apoio. Esse cen\u00e1rio que defendo \u00e9 muito diferente de uma indica\u00e7\u00e3o aleat\u00f3ria, o que \u00e9 sabido que acontece muito.<\/p>\n<h2><strong>Um dos grandes gargalos nas institui\u00e7\u00f5es s\u00e3o os problemas de desempenho das equipes internas. De que maneira podemos evitar essas frustra\u00e7\u00f5es que se transformam em atrasos de entreg\u00e1veis?<\/strong><\/h2>\n<p>Outra responsabilidade primordial da gest\u00e3o de pessoal \u00e9 o recrutamento e sele\u00e7\u00e3o. Se voc\u00ea recruta e seleciona bem, voc\u00ea dificilmente ter\u00e1 problemas com a equipe depois. Da mesma forma, se essa etapa n\u00e3o \u00e9 bem feita, certamente voc\u00ea enfrentar\u00e1 problemas de desempenho. Quando a gente fala de perfil, n\u00e3o \u00e9 um devaneio da gest\u00e3o de pessoas.<\/p>\n<p>Existem sim habilidades comportamentais que s\u00e3o cognitivas, ou seja, que vem de \u201cf\u00e1brica\u201d com o indiv\u00edduo, e que fazem uma pessoa se adequar melhor a determinadas situa\u00e7\u00f5es ou fun\u00e7\u00f5es. Assim como existem outras tantas que s\u00e3o plenamente desenvolvidas ao longo sua vida pessoal e profissional, de acordo com suas experi\u00eancias e dedica\u00e7\u00e3o.<\/p>\n<p>Em um processo de recrutamento e sele\u00e7\u00e3o \u00e9 preciso levar em conta as caracter\u00edsticas cognitivas, as quais voc\u00ea n\u00e3o consegue abrir m\u00e3o, assim como as caracter\u00edsticas que foram desenvolvidas ao longo da vida. Esses crit\u00e9rios devem ser pesados de acordo com o que se espera do perfil de um candidato ideal para a vaga disputada.<\/p>\n<h2><strong>Existe uma legisla\u00e7\u00e3o que solicita a formaliza\u00e7\u00e3o de um processo seletivo dentro de uma funda\u00e7\u00e3o de apoio. O que diferencia o processo de sele\u00e7\u00e3o de uma funda\u00e7\u00e3o de um processo p\u00fablico? <\/strong><\/h2>\n<p>Gosto de equiparar um processo seletivo de uma funda\u00e7\u00e3o de apoio a um \u201cmini\u201d concurso p\u00fablico. Ele se assemelha bem mais a um concurso do que um processo seletivo de empresa privada. Isso porque os princ\u00edpios da impessoalidade e moralidade precisam ser considerados a todo momento. Um bom exemplo disso \u00e9 em rela\u00e7\u00e3o a ampla concorr\u00eancia, ou seja, todos que se encaixam nos pr\u00e9-requisitos do cargo podem se candidatar \u00e0 vaga e participar do processo de sele\u00e7\u00e3o.<\/p>\n<p>Os processos seletivos podem ser auditados pelo Minist\u00e9rio P\u00fablico, por isso a import\u00e2ncia de se documentar bem as etapas e requisitos avaliados para cada cargo. At\u00e9 as compet\u00eancias, muitas vezes subjetivas, precisam ser validadas da forma mais objetiva poss\u00edvel para evitar questionamentos por parte do Minist\u00e9rio P\u00fablico.<\/p>\n<h2><strong>Pensando nessa quest\u00e3o de selecionar um colaborador trar\u00e1 os melhores resultados, quais caracter\u00edsticas s\u00e3o fundamentais para as atividades de um gestor de projetos?<\/strong><\/h2>\n<p>Um gestor tem que ser um profissional que gosta de pessoas, porque ele vai lidar diariamente com clientes de todos os perfis, temperamento e humor. Assim como n\u00f3s, os coordenadores de projeto estar\u00e3o hora est\u00e3o frustrados, hora est\u00e3o extremamente felizes, e, por isso, o gestor tem que ser uma pessoa que saiba administrar bem essas situa\u00e7\u00f5es.<\/p>\n<p>Ter empatia com o outro tamb\u00e9m \u00e9 fundamental. Celebrar junto quando o cliente est\u00e1 feliz e acalm\u00e1-lo quando estiver nervoso. Precisa ser algu\u00e9m que se adapte ao outro e \u00e0s situa\u00e7\u00f5es com facilidade, extremamente paciente com o pesquisador que vai, muitas vezes, culp\u00e1-lo por regras que s\u00e3o da institui\u00e7\u00e3o de fomento ou da pr\u00f3pria legisla\u00e7\u00e3o e que ele n\u00e3o tem o poder de alterar. N\u00e3o levar essas situa\u00e7\u00f5es para o pessoal e n\u00e3o atacar o cliente parece \u00f3bvio, mas s\u00e3o pontos de aten\u00e7\u00e3o a um bom gestor de projetos.<\/p>\n<p><em>Leia tamb\u00e9m:\u00a0<a href=\"http:\/\/conveniar.com.br\/blog\/pessoas\/5-habilidades-gestor-de-projetos\/\" target=\"_blank\" rel=\"noopener\">5 Habilidades Encontradas em um bom Gestor de Projetos<\/a><\/em><\/p>\n<h2><strong>E em rela\u00e7\u00e3o a um comprador, qual perfil se adequa melhor? <\/strong><\/h2>\n<p>O comprador precisa ser uma pessoa anal\u00edtica, organizada e muito \u00edntegra. Al\u00e9m disso, o volume de compras costuma ser alto, se n\u00e3o for objetivo para desenvolver o processo, ter\u00e1 dificuldades de finalizar as compras com um bom prazo. \u00c9 essencial que o comprador seja incisivo e pulso firme, porque muitas vezes ele precisa negociar e, nesse processo, podem ocorrer situa\u00e7\u00f5es de ofertas de vantagens pessoais em troca de favorecimento de escolha. V\u00e3o ter propostas de coisas erradas e \u00e9 extremamente importante um perfil com uma \u00e9tica extremamente fortalecida e \u00edndole muito forte. E esses s\u00e3o pontos que a gente consegue validar no processo seletivo.<\/p>\n<p><em>Confira nesse post: <a href=\"http:\/\/conveniar.com.br\/blog\/pessoas\/habilidades-indispensaveis-para-comprador-de-fundacao\/\" target=\"_blank\" rel=\"noopener\">Habilidades Indispens\u00e1veis para o comprador da sua Funda\u00e7\u00e3o<\/a><\/em><\/p>\n<h2><strong>Tudo bem, mas de que maneira a funda\u00e7\u00e3o consegue se precaver de contratar um profissional desalinhado?<\/strong><\/h2>\n<p>Todos os pontos que citei acima, n\u00f3s conseguimos validar no processo seletivo. S\u00e3o aplicadas t\u00e9cnicas que avaliam se a \u00e9tica do candidato condiz com a sua. Porque \u00e9tica todo mundo tem. S\u00f3 que a \u00e9tica da pessoa que acha que \u00e9 certo se favorecer ilicitamente \u00e9 diferente da minha que acho que n\u00e3o \u00e9 certo, mas a \u00e9tica dele \u00e9 aquela. Precisamos avaliar se a \u00e9tica do candidato ou at\u00e9 mesmo do colaborador j\u00e1 contratado, \u00e9 condizente com a que a funda\u00e7\u00e3o prega.<\/p>\n<p>Se a funda\u00e7\u00e3o n\u00e3o quer desvios ou \u00e9ticas paralelas, ent\u00e3o o ideal \u00e9 que isso seja verificado antes da contrata\u00e7\u00e3o. J\u00e1 aconteceu de eu conhecer pessoas que faziam coisas erradas com plena convic\u00e7\u00e3o de que era certo. \u00c9 dif\u00edcil at\u00e9 dialogar, a pessoa \u00e9 cheia de verdades que s\u00e3o dela. Ent\u00e3o tem que ser validado antes se as verdades da pessoa coincidem com as verdades da empresa. Fazer nivelamento de valores organizacionais \u00e9 primordial num processo seletivo. Eu diria que primeiro voc\u00ea valida valores, para qualquer cargo, depois voc\u00ea valida compet\u00eancias. E tudo tem de estar de acordo.<\/p>\n<h2><strong>Se ainda existir alguma d\u00favida em rela\u00e7\u00e3o \u00e0 import\u00e2ncia de um processo seletivo, quais as consequ\u00eancias de uma contrata\u00e7\u00e3o errada?<\/strong><\/h2>\n<p>\u00c9 um preju\u00edzo muito grande para a empresa, financeiro e operacional. H\u00e1 investimento em treinamento, custo do processo seletivo e outros custos intr\u00ednsecos. \u00c9 muito caro mandar embora, ainda mais se extrapolar o per\u00edodo de experi\u00eancia, em que os custos do processo rescis\u00f3rio podem ser menores. Ampliando as consequ\u00eancias, uma contrata\u00e7\u00e3o errada pode admitir preju\u00edzos emocionais para a empresa, como desmotiva\u00e7\u00e3o de equipes de excel\u00eancia.<\/p>\n<h2><strong>Contratar por indica\u00e7\u00e3o nas funda\u00e7\u00f5es de apoio infelizmente \u00e9 um cen\u00e1rio comum. Qual o seu posicionamento em rela\u00e7\u00e3o a isso?<\/strong><\/h2>\n<p>Sou muito contr\u00e1ria a contratar uma pessoa por simples indica\u00e7\u00e3o, ou seja, sem um processo seletivo que avaliar\u00e1 o candidato mais apto a desempenhar aquela fun\u00e7\u00e3o. N\u00e3o necessariamente precisa ser feita por uma equipe de Gest\u00e3o de Pessoas, ainda que seja o mais indicado, mas n\u00e3o acho v\u00e1lida em hip\u00f3tese alguma que pessoas ingressem a uma funda\u00e7\u00e3o de apoio sem passarem por uma filtragem pr\u00e9via, com ampla concorr\u00eancia e requisitos claros e objetivos. Este \u00e9 o princ\u00edpio da impessoalidade e a lei \u00e9 para todos n\u00f3s seguirmos.<\/p>\n<p>&nbsp;<\/p>\n<div id=\"attachment_501\" style=\"width: 310px\" class=\"wp-caption alignright\"><img loading=\"lazy\" decoding=\"async\" aria-describedby=\"caption-attachment-501\" class=\"wp-image-501 size-medium\" src=\"https:\/\/www.conveniar.com.br\/blog\/wp-content\/uploads\/2018\/07\/Luisa_Paniago-comprimida-300x300.png\" alt=\"Luisa Paniago\" width=\"300\" height=\"300\" srcset=\"https:\/\/www.conveniar.com.br\/blog\/wp-content\/uploads\/2018\/07\/Luisa_Paniago-comprimida-300x300.png 300w, https:\/\/www.conveniar.com.br\/blog\/wp-content\/uploads\/2018\/07\/Luisa_Paniago-comprimida-150x150.png 150w, https:\/\/www.conveniar.com.br\/blog\/wp-content\/uploads\/2018\/07\/Luisa_Paniago-comprimida.png 450w\" sizes=\"(max-width: 300px) 100vw, 300px\" \/><p id=\"caption-attachment-501\" class=\"wp-caption-text\">Luisa Paniago<\/p><\/div>\n<p>&nbsp;<\/p>\n<p>&nbsp;<\/p>\n<p>Administradora, especialista em administra\u00e7\u00e3o estrat\u00e9gica e gest\u00e3o de pessoas, certificada pela Funda\u00e7\u00e3o Dom Cabral no Programa de Desenvolvimento de Dirigentes.<\/p>\n","protected":false},"excerpt":{"rendered":"<p>Um tema que tem sido cada vez mais debatido entre a comunidade de funda\u00e7\u00f5es de apoio \u00e9 a preocupa\u00e7\u00e3o crescente com o desenvolvimento profissional dos colaboradores e o impacto dessa rela\u00e7\u00e3o nas atividades operacionais. Est\u00e1 cada dia mais obsoleta a mentalidade que considera uma \u00e1rea de gest\u00e3o de pessoas como centro de custo e n\u00e3o [&hellip;]<\/p>\n","protected":false},"author":1,"featured_media":508,"comment_status":"closed","ping_status":"closed","sticky":false,"template":"","format":"standard","meta":{"footnotes":""},"categories":[64],"tags":[128,144],"yoast_head":"<!-- This site is optimized with the Yoast SEO plugin v23.5 - https:\/\/yoast.com\/wordpress\/plugins\/seo\/ -->\n<title>Como sua Funda\u00e7\u00e3o te enxerga, Pessoa ou Recurso Humano? - Blog do Conveniar<\/title>\n<meta name=\"description\" content=\"Um tema que tem sido cada vez mais debatido entre a comunidade de funda\u00e7\u00f5es de apoio \u00e9 a preocupa\u00e7\u00e3o crescente com o desenvolvimento profissional dos colaboradores. RH ou Recursos Humanos \u00e9 um nome antigo, est\u00e1 caindo em desuso. Pessoas n\u00e3o s\u00e3o recursos. Pessoas s\u00e3o pessoas.\" \/>\n<meta name=\"robots\" content=\"index, follow, max-snippet:-1, max-image-preview:large, max-video-preview:-1\" \/>\n<link rel=\"canonical\" href=\"https:\/\/www.conveniar.com.br\/blog\/pessoas-sao-pessoas\/\" \/>\n<meta property=\"og:locale\" content=\"pt_BR\" \/>\n<meta property=\"og:type\" content=\"article\" \/>\n<meta property=\"og:title\" content=\"Como sua Funda\u00e7\u00e3o te enxerga, Pessoa ou Recurso Humano? - Blog do Conveniar\" \/>\n<meta property=\"og:description\" content=\"Um tema que tem sido cada vez mais debatido entre a comunidade de funda\u00e7\u00f5es de apoio \u00e9 a preocupa\u00e7\u00e3o crescente com o desenvolvimento profissional dos colaboradores. RH ou Recursos Humanos \u00e9 um nome antigo, est\u00e1 caindo em desuso. Pessoas n\u00e3o s\u00e3o recursos. Pessoas s\u00e3o pessoas.\" \/>\n<meta property=\"og:url\" content=\"https:\/\/www.conveniar.com.br\/blog\/pessoas-sao-pessoas\/\" \/>\n<meta property=\"og:site_name\" content=\"Blog do Conveniar\" \/>\n<meta property=\"article:published_time\" content=\"2018-06-20T12:18:46+00:00\" \/>\n<meta property=\"article:modified_time\" content=\"2019-10-28T19:24:09+00:00\" \/>\n<meta property=\"og:image\" content=\"https:\/\/www.conveniar.com.br\/blog\/wp-content\/uploads\/2018\/06\/Como-sua-Funda\u00e7\u00e3o-te-enxerga-Pessoa-ou-Recurso-Humano.png\" \/>\n\t<meta property=\"og:image:width\" content=\"600\" \/>\n\t<meta property=\"og:image:height\" content=\"312\" \/>\n\t<meta property=\"og:image:type\" content=\"image\/png\" \/>\n<meta name=\"author\" content=\"Conveniar\" \/>\n<meta name=\"twitter:card\" content=\"summary_large_image\" \/>\n<meta name=\"twitter:label1\" content=\"Escrito por\" \/>\n\t<meta name=\"twitter:data1\" content=\"Conveniar\" \/>\n\t<meta name=\"twitter:label2\" content=\"Est. tempo de leitura\" \/>\n\t<meta name=\"twitter:data2\" content=\"9 minutos\" \/>\n<script type=\"application\/ld+json\" class=\"yoast-schema-graph\">{\"@context\":\"https:\/\/schema.org\",\"@graph\":[{\"@type\":\"WebPage\",\"@id\":\"https:\/\/www.conveniar.com.br\/blog\/pessoas-sao-pessoas\/\",\"url\":\"https:\/\/www.conveniar.com.br\/blog\/pessoas-sao-pessoas\/\",\"name\":\"Como sua Funda\u00e7\u00e3o te enxerga, Pessoa ou Recurso Humano? - Blog do Conveniar\",\"isPartOf\":{\"@id\":\"https:\/\/www.conveniar.com.br\/blog\/#website\"},\"primaryImageOfPage\":{\"@id\":\"https:\/\/www.conveniar.com.br\/blog\/pessoas-sao-pessoas\/#primaryimage\"},\"image\":{\"@id\":\"https:\/\/www.conveniar.com.br\/blog\/pessoas-sao-pessoas\/#primaryimage\"},\"thumbnailUrl\":\"https:\/\/www.conveniar.com.br\/blog\/wp-content\/uploads\/2018\/06\/Como-sua-Funda\u00e7\u00e3o-te-enxerga-Pessoa-ou-Recurso-Humano.png\",\"datePublished\":\"2018-06-20T12:18:46+00:00\",\"dateModified\":\"2019-10-28T19:24:09+00:00\",\"author\":{\"@id\":\"https:\/\/www.conveniar.com.br\/blog\/#\/schema\/person\/a146b69e24212cc4fd57fdbacc53ab63\"},\"description\":\"Um tema que tem sido cada vez mais debatido entre a comunidade de funda\u00e7\u00f5es de apoio \u00e9 a preocupa\u00e7\u00e3o crescente com o desenvolvimento profissional dos colaboradores. RH ou Recursos Humanos \u00e9 um nome antigo, est\u00e1 caindo em desuso. Pessoas n\u00e3o s\u00e3o recursos. Pessoas s\u00e3o pessoas.\",\"inLanguage\":\"pt-BR\",\"potentialAction\":[{\"@type\":\"ReadAction\",\"target\":[\"https:\/\/www.conveniar.com.br\/blog\/pessoas-sao-pessoas\/\"]}]},{\"@type\":\"ImageObject\",\"inLanguage\":\"pt-BR\",\"@id\":\"https:\/\/www.conveniar.com.br\/blog\/pessoas-sao-pessoas\/#primaryimage\",\"url\":\"https:\/\/www.conveniar.com.br\/blog\/wp-content\/uploads\/2018\/06\/Como-sua-Funda\u00e7\u00e3o-te-enxerga-Pessoa-ou-Recurso-Humano.png\",\"contentUrl\":\"https:\/\/www.conveniar.com.br\/blog\/wp-content\/uploads\/2018\/06\/Como-sua-Funda\u00e7\u00e3o-te-enxerga-Pessoa-ou-Recurso-Humano.png\",\"width\":600,\"height\":312,\"caption\":\"Como sua Funda\u00e7\u00e3o te enxerga, Pessoa ou Recurso Humano\"},{\"@type\":\"WebSite\",\"@id\":\"https:\/\/www.conveniar.com.br\/blog\/#website\",\"url\":\"https:\/\/www.conveniar.com.br\/blog\/\",\"name\":\"Blog do Conveniar\",\"description\":\"Excel\u00eancia em gest\u00e3o para funda\u00e7\u00f5es de apoio\",\"potentialAction\":[{\"@type\":\"SearchAction\",\"target\":{\"@type\":\"EntryPoint\",\"urlTemplate\":\"https:\/\/www.conveniar.com.br\/blog\/?s={search_term_string}\"},\"query-input\":{\"@type\":\"PropertyValueSpecification\",\"valueRequired\":true,\"valueName\":\"search_term_string\"}}],\"inLanguage\":\"pt-BR\"},{\"@type\":\"Person\",\"@id\":\"https:\/\/www.conveniar.com.br\/blog\/#\/schema\/person\/a146b69e24212cc4fd57fdbacc53ab63\",\"name\":\"Conveniar\",\"image\":{\"@type\":\"ImageObject\",\"inLanguage\":\"pt-BR\",\"@id\":\"https:\/\/www.conveniar.com.br\/blog\/#\/schema\/person\/image\/\",\"url\":\"https:\/\/secure.gravatar.com\/avatar\/40519883cfee056b1cbb92df8022a181?s=96&d=mm&r=g\",\"contentUrl\":\"https:\/\/secure.gravatar.com\/avatar\/40519883cfee056b1cbb92df8022a181?s=96&d=mm&r=g\",\"caption\":\"Conveniar\"},\"url\":\"https:\/\/www.conveniar.com.br\/blog\/author\/conveniar\/\"}]}<\/script>\n<!-- \/ Yoast SEO plugin. -->","yoast_head_json":{"title":"Como sua Funda\u00e7\u00e3o te enxerga, Pessoa ou Recurso Humano? - Blog do Conveniar","description":"Um tema que tem sido cada vez mais debatido entre a comunidade de funda\u00e7\u00f5es de apoio \u00e9 a preocupa\u00e7\u00e3o crescente com o desenvolvimento profissional dos colaboradores. RH ou Recursos Humanos \u00e9 um nome antigo, est\u00e1 caindo em desuso. Pessoas n\u00e3o s\u00e3o recursos. Pessoas s\u00e3o pessoas.","robots":{"index":"index","follow":"follow","max-snippet":"max-snippet:-1","max-image-preview":"max-image-preview:large","max-video-preview":"max-video-preview:-1"},"canonical":"https:\/\/www.conveniar.com.br\/blog\/pessoas-sao-pessoas\/","og_locale":"pt_BR","og_type":"article","og_title":"Como sua Funda\u00e7\u00e3o te enxerga, Pessoa ou Recurso Humano? - Blog do Conveniar","og_description":"Um tema que tem sido cada vez mais debatido entre a comunidade de funda\u00e7\u00f5es de apoio \u00e9 a preocupa\u00e7\u00e3o crescente com o desenvolvimento profissional dos colaboradores. RH ou Recursos Humanos \u00e9 um nome antigo, est\u00e1 caindo em desuso. Pessoas n\u00e3o s\u00e3o recursos. Pessoas s\u00e3o pessoas.","og_url":"https:\/\/www.conveniar.com.br\/blog\/pessoas-sao-pessoas\/","og_site_name":"Blog do Conveniar","article_published_time":"2018-06-20T12:18:46+00:00","article_modified_time":"2019-10-28T19:24:09+00:00","og_image":[{"width":600,"height":312,"url":"https:\/\/www.conveniar.com.br\/blog\/wp-content\/uploads\/2018\/06\/Como-sua-Funda\u00e7\u00e3o-te-enxerga-Pessoa-ou-Recurso-Humano.png","type":"image\/png"}],"author":"Conveniar","twitter_card":"summary_large_image","twitter_misc":{"Escrito por":"Conveniar","Est. tempo de leitura":"9 minutos"},"schema":{"@context":"https:\/\/schema.org","@graph":[{"@type":"WebPage","@id":"https:\/\/www.conveniar.com.br\/blog\/pessoas-sao-pessoas\/","url":"https:\/\/www.conveniar.com.br\/blog\/pessoas-sao-pessoas\/","name":"Como sua Funda\u00e7\u00e3o te enxerga, Pessoa ou Recurso Humano? - Blog do Conveniar","isPartOf":{"@id":"https:\/\/www.conveniar.com.br\/blog\/#website"},"primaryImageOfPage":{"@id":"https:\/\/www.conveniar.com.br\/blog\/pessoas-sao-pessoas\/#primaryimage"},"image":{"@id":"https:\/\/www.conveniar.com.br\/blog\/pessoas-sao-pessoas\/#primaryimage"},"thumbnailUrl":"https:\/\/www.conveniar.com.br\/blog\/wp-content\/uploads\/2018\/06\/Como-sua-Funda\u00e7\u00e3o-te-enxerga-Pessoa-ou-Recurso-Humano.png","datePublished":"2018-06-20T12:18:46+00:00","dateModified":"2019-10-28T19:24:09+00:00","author":{"@id":"https:\/\/www.conveniar.com.br\/blog\/#\/schema\/person\/a146b69e24212cc4fd57fdbacc53ab63"},"description":"Um tema que tem sido cada vez mais debatido entre a comunidade de funda\u00e7\u00f5es de apoio \u00e9 a preocupa\u00e7\u00e3o crescente com o desenvolvimento profissional dos colaboradores. RH ou Recursos Humanos \u00e9 um nome antigo, est\u00e1 caindo em desuso. Pessoas n\u00e3o s\u00e3o recursos. Pessoas s\u00e3o pessoas.","inLanguage":"pt-BR","potentialAction":[{"@type":"ReadAction","target":["https:\/\/www.conveniar.com.br\/blog\/pessoas-sao-pessoas\/"]}]},{"@type":"ImageObject","inLanguage":"pt-BR","@id":"https:\/\/www.conveniar.com.br\/blog\/pessoas-sao-pessoas\/#primaryimage","url":"https:\/\/www.conveniar.com.br\/blog\/wp-content\/uploads\/2018\/06\/Como-sua-Funda\u00e7\u00e3o-te-enxerga-Pessoa-ou-Recurso-Humano.png","contentUrl":"https:\/\/www.conveniar.com.br\/blog\/wp-content\/uploads\/2018\/06\/Como-sua-Funda\u00e7\u00e3o-te-enxerga-Pessoa-ou-Recurso-Humano.png","width":600,"height":312,"caption":"Como sua Funda\u00e7\u00e3o te enxerga, Pessoa ou Recurso Humano"},{"@type":"WebSite","@id":"https:\/\/www.conveniar.com.br\/blog\/#website","url":"https:\/\/www.conveniar.com.br\/blog\/","name":"Blog do Conveniar","description":"Excel\u00eancia em gest\u00e3o para funda\u00e7\u00f5es de apoio","potentialAction":[{"@type":"SearchAction","target":{"@type":"EntryPoint","urlTemplate":"https:\/\/www.conveniar.com.br\/blog\/?s={search_term_string}"},"query-input":{"@type":"PropertyValueSpecification","valueRequired":true,"valueName":"search_term_string"}}],"inLanguage":"pt-BR"},{"@type":"Person","@id":"https:\/\/www.conveniar.com.br\/blog\/#\/schema\/person\/a146b69e24212cc4fd57fdbacc53ab63","name":"Conveniar","image":{"@type":"ImageObject","inLanguage":"pt-BR","@id":"https:\/\/www.conveniar.com.br\/blog\/#\/schema\/person\/image\/","url":"https:\/\/secure.gravatar.com\/avatar\/40519883cfee056b1cbb92df8022a181?s=96&d=mm&r=g","contentUrl":"https:\/\/secure.gravatar.com\/avatar\/40519883cfee056b1cbb92df8022a181?s=96&d=mm&r=g","caption":"Conveniar"},"url":"https:\/\/www.conveniar.com.br\/blog\/author\/conveniar\/"}]}},"_links":{"self":[{"href":"https:\/\/www.conveniar.com.br\/blog\/wp-json\/wp\/v2\/posts\/359"}],"collection":[{"href":"https:\/\/www.conveniar.com.br\/blog\/wp-json\/wp\/v2\/posts"}],"about":[{"href":"https:\/\/www.conveniar.com.br\/blog\/wp-json\/wp\/v2\/types\/post"}],"author":[{"embeddable":true,"href":"https:\/\/www.conveniar.com.br\/blog\/wp-json\/wp\/v2\/users\/1"}],"replies":[{"embeddable":true,"href":"https:\/\/www.conveniar.com.br\/blog\/wp-json\/wp\/v2\/comments?post=359"}],"version-history":[{"count":2,"href":"https:\/\/www.conveniar.com.br\/blog\/wp-json\/wp\/v2\/posts\/359\/revisions"}],"predecessor-version":[{"id":510,"href":"https:\/\/www.conveniar.com.br\/blog\/wp-json\/wp\/v2\/posts\/359\/revisions\/510"}],"wp:featuredmedia":[{"embeddable":true,"href":"https:\/\/www.conveniar.com.br\/blog\/wp-json\/wp\/v2\/media\/508"}],"wp:attachment":[{"href":"https:\/\/www.conveniar.com.br\/blog\/wp-json\/wp\/v2\/media?parent=359"}],"wp:term":[{"taxonomy":"category","embeddable":true,"href":"https:\/\/www.conveniar.com.br\/blog\/wp-json\/wp\/v2\/categories?post=359"},{"taxonomy":"post_tag","embeddable":true,"href":"https:\/\/www.conveniar.com.br\/blog\/wp-json\/wp\/v2\/tags?post=359"}],"curies":[{"name":"wp","href":"https:\/\/api.w.org\/{rel}","templated":true}]}}