{"id":397,"date":"2018-07-17T09:39:57","date_gmt":"2018-07-17T12:39:57","guid":{"rendered":"http:\/\/fundacaoemfoco.com.br\/?p=397"},"modified":"2019-10-16T08:51:53","modified_gmt":"2019-10-16T11:51:53","slug":"esocial-para-fundacoes-de-apoio","status":"publish","type":"post","link":"https:\/\/www.conveniar.com.br\/blog\/esocial-para-fundacoes-de-apoio\/","title":{"rendered":"Vem a\u00ed o eSocial para funda\u00e7\u00f5es de apoio"},"content":{"rendered":"<p><span class=\"TextRun SCXW114093083\" lang=\"PT-BR\" xml:lang=\"PT-BR\"><span class=\"NormalTextRun SCXW114093083\">A partir d<\/span><\/span><span class=\"TextRun SCXW114093083\" lang=\"PT-BR\" xml:lang=\"PT-BR\"><span class=\"NormalTextRun SCXW114093083\">e hoje, 16 de julho,<\/span><\/span><span class=\"TextRun SCXW114093083\" lang=\"PT-BR\" xml:lang=\"PT-BR\"><span class=\"NormalTextRun SCXW114093083\">\u00a0<\/span><\/span><span class=\"TextRun SCXW114093083\" lang=\"PT-BR\" xml:lang=\"PT-BR\"><span class=\"NormalTextRun SCXW114093083\">todas as funda\u00e7\u00f5es de apoio dever\u00e3o iniciar a implementa\u00e7\u00e3o do Sistema de Escritura\u00e7\u00e3o Digital das Obriga\u00e7\u00f5es Fiscais, Previdenci\u00e1rias e Trabalhistas ou como \u00e9 mais conhecido<\/span><\/span><span class=\"TextRun SCXW114093083\" lang=\"PT-BR\" xml:lang=\"PT-BR\"><span class=\"NormalTextRun SCXW114093083\">, o<\/span><\/span><span class=\"TextRun SCXW114093083\" lang=\"PT-BR\" xml:lang=\"PT-BR\"><span class=\"NormalTextRun SCXW114093083\">\u00a0<\/span><\/span><a class=\"Hyperlink SCXW114093083\" href=\"http:\/\/portal.esocial.gov.br\/institucional\/conheca-o\" target=\"_blank\" rel=\"noreferrer noopener\"><span class=\"TextRun Underlined SCXW114093083\" lang=\"PT-BR\" xml:lang=\"PT-BR\"><span class=\"NormalTextRun SCXW114093083\">eSocial<\/span><\/span><\/a><span class=\"TextRun SCXW114093083\" lang=\"PT-BR\" xml:lang=\"PT-BR\"><span class=\"NormalTextRun SCXW114093083\">.<\/span><\/span><\/p>\n<p><span class=\"TextRun SCXW141646315\" lang=\"PT-BR\" xml:lang=\"PT-BR\"><span class=\"NormalTextRun SCXW141646315\">O sistema desenvolvido pelo Governo Federal visa unificar a comunica\u00e7\u00e3o dos encargos trabalhistas, que at\u00e9 ent\u00e3o \u00e9 feita de forma fragmentada a cada \u00f3rg\u00e3o, aumentando a transpar\u00eancia das informa\u00e7\u00f5es prestadas \u00e0 administra\u00e7\u00e3o federal. Na pr\u00e1tica, as rela\u00e7\u00f5es entre empregadores e\u00a0<\/span><\/span><span class=\"TextRun SCXW141646315\" lang=\"PT-BR\" xml:lang=\"PT-BR\"><span class=\"NormalTextRun SCXW141646315\">empregados ser\u00e3o mais facilmente controladas e fiscalizadas, exigindo aten\u00e7\u00e3o especial \u00e0 regulariza\u00e7\u00e3o das diversas rela\u00e7\u00f5es trabalhistas.<\/span><\/span><span class=\"TextRun SCXW141646315\" lang=\"PT-BR\" xml:lang=\"PT-BR\"><span class=\"NormalTextRun SCXW141646315\">\u00a0<\/span><\/span><span class=\"EOP SCXW141646315\" data-ccp-props=\"{&quot;201341983&quot;:0,&quot;335551550&quot;:6,&quot;335551620&quot;:6,&quot;335559739&quot;:160,&quot;335559740&quot;:276}\">\u00a0<\/span><\/p>\n<p><span class=\"TextRun SCXW16595034\" lang=\"PT-BR\" xml:lang=\"PT-BR\"><span class=\"NormalTextRun SCXW16595034\">Al\u00e9m da maior transpar\u00eancia no que diz respeito aos contratos de trabalho, tamb\u00e9m ser\u00e3o registradas no sistema informa\u00e7\u00f5es sobre todos os pagamentos realizados ao trabalhador, assim como dever\u00e1 ser descrito as condi\u00e7\u00f5es de trabalho,<\/span><\/span><span class=\"TextRun SCXW16595034\" lang=\"PT-BR\" xml:lang=\"PT-BR\"><span class=\"NormalTextRun SCXW16595034\">\u00a0<\/span><\/span><span class=\"TextRun SCXW16595034\" lang=\"PT-BR\" xml:lang=\"PT-BR\"><span class=\"NormalTextRun SCXW16595034\">as caracter\u00edsticas do ambiente em que\u00a0<\/span><\/span><span class=\"TextRun SCXW16595034\" lang=\"PT-BR\" xml:lang=\"PT-BR\"><span class=\"NormalTextRun SCXW16595034\">o trabalhador\u00a0<\/span><\/span><span class=\"TextRun SCXW16595034\" lang=\"PT-BR\" xml:lang=\"PT-BR\"><span class=\"NormalTextRun SCXW16595034\">desempenha suas fun\u00e7\u00f5es e os riscos aos quais o empregado est\u00e1 exposto.<\/span><\/span><\/p>\n<p><span class=\"TextRun SCXW90839474\" lang=\"PT-BR\" xml:lang=\"PT-BR\"><span class=\"NormalTextRun SCXW90839474\">A migra\u00e7\u00e3o para o sistema unificado \u00e9 bem trabalhosa, haja vista a atualiza\u00e7\u00e3o de dados cadastrais necess\u00e1ria, adequa\u00e7\u00e3o de softwares\u00a0<\/span><\/span><span class=\"TextRun SCXW90839474\" lang=\"PT-BR\" xml:lang=\"PT-BR\"><span class=\"NormalTextRun SCXW90839474\">e levantamento de informa\u00e7\u00f5es em alto n\u00edvel de\u00a0<\/span><\/span><span class=\"TextRun SCXW90839474\" lang=\"PT-BR\" xml:lang=\"PT-BR\"><span class=\"NormalTextRun SCXW90839474\">detalhamento.<\/span><\/span><\/p>\n<p><span class=\"TextRun SCXW174615524\" lang=\"PT-BR\" xml:lang=\"PT-BR\"><span class=\"NormalTextRun SCXW174615524\">Por<\/span><\/span><span class=\"TextRun SCXW174615524\" lang=\"PT-BR\" xml:lang=\"PT-BR\"><span class=\"NormalTextRun SCXW174615524\">\u00a0isso \u00e9 preciso se atentar \u00e0s novas regras, aproveitando o\u00a0<\/span><\/span><span class=\"TextRun SCXW174615524\" lang=\"PT-BR\" xml:lang=\"PT-BR\"><span class=\"NormalTextRun SCXW174615524\">per\u00edodo de\u00a0<\/span><\/span><span class=\"TextRun SCXW174615524\" lang=\"PT-BR\" xml:lang=\"PT-BR\"><span class=\"NormalTextRun SCXW174615524\">implanta\u00e7\u00e3o que se estende at\u00e9 janeiro de 2019, dividido em cinco fases,\u00a0<\/span><\/span><span class=\"TextRun SCXW174615524\" lang=\"PT-BR\" xml:lang=\"PT-BR\"><span class=\"NormalTextRun SCXW174615524\">para se adequar<\/span><\/span><span class=\"TextRun SCXW174615524\" lang=\"PT-BR\" xml:lang=\"PT-BR\"><span class=\"NormalTextRun SCXW174615524\">\u00a0ao cumprimento d<\/span><\/span><span class=\"TextRun SCXW174615524\" lang=\"PT-BR\" xml:lang=\"PT-BR\"><span class=\"NormalTextRun SCXW174615524\">as<\/span><\/span><span class=\"TextRun SCXW174615524\" lang=\"PT-BR\" xml:lang=\"PT-BR\"><span class=\"NormalTextRun SCXW174615524\">\u00a0exig\u00eancias<\/span><\/span><span class=\"TextRun SCXW174615524\" lang=\"PT-BR\" xml:lang=\"PT-BR\"><span class=\"NormalTextRun SCXW174615524\">.<\/span><\/span><span class=\"TextRun SCXW174615524\" lang=\"PT-BR\" xml:lang=\"PT-BR\"><span class=\"NormalTextRun SCXW174615524\">\u00a0<\/span><\/span><span class=\"TextRun SCXW174615524\" lang=\"PT-BR\" xml:lang=\"PT-BR\"><span class=\"NormalTextRun SCXW174615524\">A<\/span><\/span><span class=\"TextRun SCXW174615524\" lang=\"PT-BR\" xml:lang=\"PT-BR\"><span class=\"NormalTextRun SCXW174615524\">\u00a0<\/span><\/span><span class=\"TextRun SCXW174615524\" lang=\"PT-BR\" xml:lang=\"PT-BR\"><span class=\"NormalTextRun SCXW174615524\">partir de agora as informa\u00e7\u00f5es trabalhistas\u00a0<\/span><\/span><span class=\"TextRun SCXW174615524\" lang=\"PT-BR\" xml:lang=\"PT-BR\"><span class=\"NormalTextRun SCXW174615524\">dever\u00e3o acontecer\u00a0<\/span><\/span><span class=\"TextRun SCXW174615524\" lang=\"PT-BR\" xml:lang=\"PT-BR\"><span class=\"NormalTextRun SCXW174615524\">diretamente no site do\u00a0<\/span><\/span><span class=\"TextRun SCXW174615524\" lang=\"PT-BR\" xml:lang=\"PT-BR\"><span class=\"SpellingError SCXW174615524\">eSocial<\/span><\/span><span class=\"TextRun SCXW174615524\" lang=\"PT-BR\" xml:lang=\"PT-BR\"><span class=\"NormalTextRun SCXW174615524\">,<\/span><\/span><span class=\"TextRun SCXW174615524\" lang=\"PT-BR\" xml:lang=\"PT-BR\"><span class=\"NormalTextRun SCXW174615524\">\u00a0<\/span><\/span><span class=\"TextRun SCXW174615524\" lang=\"PT-BR\" xml:lang=\"PT-BR\"><span class=\"NormalTextRun SCXW174615524\">evitando multas e penalidades administrativas aos empregadores.\u00a0<\/span><\/span><span class=\"EOP SCXW174615524\" data-ccp-props=\"{&quot;201341983&quot;:0,&quot;335551550&quot;:6,&quot;335551620&quot;:6,&quot;335559739&quot;:160,&quot;335559740&quot;:276}\">\u00a0<\/span><\/p>\n<p><span class=\"TextRun SCXW188736992\" lang=\"PT-BR\" xml:lang=\"PT-BR\"><span class=\"NormalTextRun SCXW188736992\">Vale ressaltar que o novo sistema n\u00e3o consiste em um regime tribut\u00e1rio diferenciado e sim numa nova maneira de operacionalizar a comunica\u00e7\u00e3o do cumprimento dos encargos ao Governo<\/span><\/span><span class=\"TextRun SCXW188736992\" lang=\"PT-BR\" xml:lang=\"PT-BR\"><span class=\"NormalTextRun SCXW188736992\">.\u00a0<\/span><\/span><span class=\"EOP SCXW188736992\" data-ccp-props=\"{&quot;201341983&quot;:0,&quot;335551550&quot;:6,&quot;335551620&quot;:6,&quot;335559739&quot;:160,&quot;335559740&quot;:276}\">\u00a0<\/span><\/p>\n<p><span class=\"TextRun SCXW173484726\" lang=\"PT-BR\" xml:lang=\"PT-BR\"><span class=\"NormalTextRun SCXW173484726\">Se voc\u00ea ainda tem\u00a0<\/span><\/span><span class=\"TextRun SCXW173484726\" lang=\"PT-BR\" xml:lang=\"PT-BR\"><span class=\"NormalTextRun SCXW173484726\">alguma<\/span><\/span><span class=\"TextRun SCXW173484726\" lang=\"PT-BR\" xml:lang=\"PT-BR\"><span class=\"NormalTextRun SCXW173484726\">\u00a0d\u00favida<\/span><\/span><span class=\"TextRun SCXW173484726\" lang=\"PT-BR\" xml:lang=\"PT-BR\"><span class=\"NormalTextRun SCXW173484726\">\u00a0ou est\u00e1 com o cronograma\u00a0<\/span><\/span><span class=\"TextRun SCXW173484726\" lang=\"PT-BR\" xml:lang=\"PT-BR\"><span class=\"NormalTextRun SCXW173484726\">atrasado,<\/span><\/span><span class=\"TextRun SCXW173484726\" lang=\"PT-BR\" xml:lang=\"PT-BR\"><span class=\"NormalTextRun SCXW173484726\">\u00a0preparamos respostas para as perguntas mais frequentes sobre o assunto<\/span><\/span><span class=\"TextRun SCXW173484726\" lang=\"PT-BR\" xml:lang=\"PT-BR\"><span class=\"NormalTextRun SCXW173484726\">\u00a0para que voc\u00ea\u00a0<\/span><\/span><span class=\"TextRun SCXW173484726\" lang=\"PT-BR\" xml:lang=\"PT-BR\"><span class=\"NormalTextRun SCXW173484726\">entenda\u00a0<\/span><\/span><span class=\"TextRun SCXW173484726\" lang=\"PT-BR\" xml:lang=\"PT-BR\"><span class=\"NormalTextRun SCXW173484726\">como sua funda\u00e7\u00e3o ser\u00e1 afetada<\/span><\/span><span class=\"TextRun SCXW173484726\" lang=\"PT-BR\" xml:lang=\"PT-BR\"><span class=\"NormalTextRun SCXW173484726\">.<\/span><\/span><span class=\"TextRun SCXW173484726\" lang=\"PT-BR\" xml:lang=\"PT-BR\"><span class=\"NormalTextRun SCXW173484726\">\u00a0Vamos come\u00e7ar?<\/span><\/span><span class=\"EOP SCXW173484726\" data-ccp-props=\"{&quot;201341983&quot;:0,&quot;335551550&quot;:6,&quot;335551620&quot;:6,&quot;335559739&quot;:160,&quot;335559740&quot;:276}\">\u00a0<\/span><\/p>\n<h2><span class=\"TextRun SCXW228838394\" lang=\"PT-BR\" xml:lang=\"PT-BR\"><span class=\"NormalTextRun SCXW228838394\">1. Afinal, o que \u00e9 o\u00a0<\/span><\/span><span class=\"TextRun SCXW228838394\" lang=\"PT-BR\" xml:lang=\"PT-BR\"><span class=\"SpellingError SCXW228838394\">e<\/span><\/span><span class=\"TextRun SCXW228838394\" lang=\"PT-BR\" xml:lang=\"PT-BR\"><span class=\"SpellingError SCXW228838394\">S<\/span><\/span><span class=\"TextRun SCXW228838394\" lang=\"PT-BR\" xml:lang=\"PT-BR\"><span class=\"SpellingError SCXW228838394\">ocial<\/span><\/span><span class=\"TextRun SCXW228838394\" lang=\"PT-BR\" xml:lang=\"PT-BR\"><span class=\"NormalTextRun SCXW228838394\">?<\/span><\/span><span class=\"EOP SCXW228838394\" data-ccp-props=\"{&quot;201341983&quot;:0,&quot;335551550&quot;:6,&quot;335551620&quot;:6,&quot;335559739&quot;:160,&quot;335559740&quot;:276}\">\u00a0<\/span><\/h2>\n<p><span class=\"TextRun SCXW170636570\" lang=\"PT-BR\" xml:lang=\"PT-BR\"><span class=\"NormalTextRun SCXW170636570\">O\u00a0<\/span><\/span><span class=\"TextRun SCXW170636570\" lang=\"PT-BR\" xml:lang=\"PT-BR\"><span class=\"SpellingError SCXW170636570\">e<\/span><\/span><span class=\"TextRun SCXW170636570\" lang=\"PT-BR\" xml:lang=\"PT-BR\"><span class=\"SpellingError SCXW170636570\">S<\/span><\/span><span class=\"TextRun SCXW170636570\" lang=\"PT-BR\" xml:lang=\"PT-BR\"><span class=\"SpellingError SCXW170636570\">ocial<\/span><\/span><span class=\"TextRun SCXW170636570\" lang=\"PT-BR\" xml:lang=\"PT-BR\"><span class=\"NormalTextRun SCXW170636570\">\u00a0\u00e9 um sistema de registro, desenvolvido pelo Governo Federal com o objetivo de unificar o envio e armazenamento de informa\u00e7\u00f5es tangente aos v\u00ednculos empregat\u00edcios. Simplificando, todos os registros fiscais, previdenci\u00e1rios e trabalhistas de pessoas f\u00edsicas que hoje s\u00e3o feitos em diferentes plataformas, dever\u00e1 ser feito agora obrigatoriamente atrav\u00e9s do e-social, alimentando um banco de dados \u00fanico que ser\u00e1 administrado pelo Governo.<\/span><\/span><span class=\"EOP SCXW170636570\" data-ccp-props=\"{&quot;201341983&quot;:0,&quot;335551550&quot;:6,&quot;335551620&quot;:6,&quot;335559739&quot;:160,&quot;335559740&quot;:276}\">\u00a0<\/span><\/p>\n<h2><span class=\"TextRun SCXW79352458\" lang=\"PT-BR\" xml:lang=\"PT-BR\"><span class=\"NormalTextRun SCXW79352458\">2. Como vai funcionar na pr\u00e1tica?<\/span><\/span><span class=\"EOP SCXW79352458\" data-ccp-props=\"{&quot;201341983&quot;:0,&quot;335551550&quot;:6,&quot;335551620&quot;:6,&quot;335559739&quot;:160,&quot;335559740&quot;:276}\">\u00a0<\/span><\/h2>\n<p><span class=\"TextRun SCXW48860811\" lang=\"PT-BR\" xml:lang=\"PT-BR\"><span class=\"NormalTextRun SCXW48860811\">Na pr\u00e1tica, as informa\u00e7\u00f5es que muitas vezes eram lan\u00e7adas sem periodicidade definida, dever\u00e3o ser enviadas eletronicamente para a plataforma do e-social nos prazos determinados pelo Governo. Os dados exigidos pelo sistema j\u00e1 s\u00e3o ou deveriam ser registrados por algum meio, seja no papel ou em outra plataforma online. Com a ado\u00e7\u00e3o do e-social, o caminho ser\u00e1 \u00fanico e permitir\u00e1 ao Governo acesso em tempo real aos dados referentes \u00e0s rela\u00e7\u00f5es trabalhistas no pa\u00eds.<\/span><\/span><span class=\"EOP SCXW48860811\" data-ccp-props=\"{&quot;201341983&quot;:0,&quot;335551550&quot;:6,&quot;335551620&quot;:6,&quot;335559739&quot;:160,&quot;335559740&quot;:276}\">\u00a0<\/span><\/p>\n<h2><span class=\"TextRun SCXW246540839\" lang=\"PT-BR\" xml:lang=\"PT-BR\"><span class=\"NormalTextRun SCXW246540839\">3. Quais obriga\u00e7\u00f5es precisar\u00e3o de registro no e-social?<\/span><\/span><span class=\"EOP SCXW246540839\" data-ccp-props=\"{&quot;201341983&quot;:0,&quot;335559738&quot;:40,&quot;335559739&quot;:0,&quot;335559740&quot;:276}\">\u00a0<\/span><\/h2>\n<p><span class=\"TextRun SCXW26450200\" lang=\"PT-BR\" xml:lang=\"PT-BR\"><span class=\"NormalTextRun SCXW26450200\">Listamos abaixo as 15 obriga\u00e7\u00f5es que os empregadores precisar\u00e3o comunicar de forma unificada, atrav\u00e9s do sistema da plataforma desenvolvida pelo Governo:<\/span><\/span><span class=\"EOP SCXW26450200\" data-ccp-props=\"{&quot;201341983&quot;:0,&quot;335559738&quot;:40,&quot;335559739&quot;:0,&quot;335559740&quot;:276}\">\u00a0<\/span><\/p>\n<ul>\n<li><span class=\"TextRun SCXW37565310\" lang=\"PT-BR\" xml:lang=\"PT-BR\"><span class=\"NormalTextRun SCXW37565310\">GFIP\u00a0<\/span><\/span><span class=\"TextRun SCXW37565310\" lang=\"PT-BR\" xml:lang=\"PT-BR\"><span class=\"NormalTextRun SCXW37565310\">&#8211;<\/span><\/span><span class=\"TextRun SCXW37565310\" lang=\"PT-BR\" xml:lang=\"PT-BR\"><span class=\"NormalTextRun SCXW37565310\">\u00a0Guia de Recolhimento do FGTS e de Informa\u00e7\u00f5es \u00e0 Previd\u00eancia Social<\/span><\/span><span class=\"EOP SCXW37565310\" data-ccp-props=\"{&quot;134233279&quot;:true,&quot;201341983&quot;:0,&quot;335559685&quot;:440,&quot;335559739&quot;:160,&quot;335559740&quot;:276}\">\u00a0<\/span><\/li>\n<li><span class=\"TextRun SCXW164352218\" lang=\"PT-BR\" xml:lang=\"PT-BR\"><span class=\"NormalTextRun SCXW164352218\">CAGED &#8211; Cadastro Geral de Empregados e Desempregados para controlar as admiss\u00f5es e demiss\u00f5es de empregados sob o regime da CLT<\/span><\/span><span class=\"EOP SCXW164352218\" data-ccp-props=\"{&quot;134233279&quot;:true,&quot;201341983&quot;:0,&quot;335559685&quot;:440,&quot;335559739&quot;:160,&quot;335559740&quot;:276}\">\u00a0<\/span><\/li>\n<li><span class=\"TextRun SCXW88179679\" lang=\"PT-BR\" xml:lang=\"PT-BR\"><span class=\"NormalTextRun SCXW88179679\">RAIS &#8211; Rela\u00e7\u00e3o Anual de Informa\u00e7\u00f5es Sociais.<\/span><\/span><span class=\"EOP SCXW88179679\" data-ccp-props=\"{&quot;134233279&quot;:true,&quot;201341983&quot;:0,&quot;335559685&quot;:440,&quot;335559739&quot;:160,&quot;335559740&quot;:276}\">\u00a0<\/span><\/li>\n<li><span class=\"TextRun SCXW4281254\" lang=\"PT-BR\" xml:lang=\"PT-BR\"><span class=\"NormalTextRun SCXW4281254\">LRE\u00a0<\/span><\/span><span class=\"TextRun SCXW4281254\" lang=\"PT-BR\" xml:lang=\"PT-BR\"><span class=\"NormalTextRun SCXW4281254\">&#8211;\u00a0<\/span><\/span><span class=\"TextRun SCXW4281254\" lang=\"PT-BR\" xml:lang=\"PT-BR\"><span class=\"NormalTextRun SCXW4281254\">Livro<\/span><\/span><span class=\"TextRun SCXW4281254\" lang=\"PT-BR\" xml:lang=\"PT-BR\"><span class=\"NormalTextRun SCXW4281254\">\u00a0de Registro de Empregados<\/span><\/span><span class=\"EOP SCXW4281254\" data-ccp-props=\"{&quot;134233279&quot;:true,&quot;201341983&quot;:0,&quot;335559685&quot;:440,&quot;335559739&quot;:160,&quot;335559740&quot;:276}\">\u00a0<\/span><\/li>\n<li><span class=\"TextRun SCXW55030154\" lang=\"PT-BR\" xml:lang=\"PT-BR\"><span class=\"NormalTextRun SCXW55030154\">CAT &#8211; Comunica\u00e7\u00e3o de Acidente de Trabalho<\/span><\/span><span class=\"EOP SCXW55030154\" data-ccp-props=\"{&quot;134233279&quot;:true,&quot;201341983&quot;:0,&quot;335559685&quot;:440,&quot;335559739&quot;:160,&quot;335559740&quot;:276}\">\u00a0<\/span><\/li>\n<li><span class=\"TextRun SCXW7314184\" lang=\"PT-BR\" xml:lang=\"PT-BR\"><span class=\"NormalTextRun SCXW7314184\">CD\u00a0<\/span><\/span><span class=\"TextRun SCXW7314184\" lang=\"PT-BR\" xml:lang=\"PT-BR\"><span class=\"NormalTextRun SCXW7314184\">&#8211;\u00a0<\/span><\/span><span class=\"TextRun SCXW7314184\" lang=\"PT-BR\" xml:lang=\"PT-BR\"><span class=\"NormalTextRun SCXW7314184\">Comunica\u00e7\u00e3o<\/span><\/span><span class=\"TextRun SCXW7314184\" lang=\"PT-BR\" xml:lang=\"PT-BR\"><span class=\"NormalTextRun SCXW7314184\">\u00a0de Dispensa<\/span><\/span><span class=\"EOP SCXW7314184\" data-ccp-props=\"{&quot;134233279&quot;:true,&quot;201341983&quot;:0,&quot;335559685&quot;:440,&quot;335559739&quot;:160,&quot;335559740&quot;:276}\">\u00a0<\/span><\/li>\n<li><span class=\"TextRun SCXW223109808\" lang=\"PT-BR\" xml:lang=\"PT-BR\"><span class=\"NormalTextRun SCXW223109808\">CTPS \u2013 Carteira de Trabalho e Previd\u00eancia Social<\/span><\/span><span class=\"EOP SCXW223109808\" data-ccp-props=\"{&quot;134233279&quot;:true,&quot;201341983&quot;:0,&quot;335559685&quot;:440,&quot;335559739&quot;:160,&quot;335559740&quot;:276}\">\u00a0<\/span><\/li>\n<li><span class=\"TextRun SCXW166271910\" lang=\"PT-BR\" xml:lang=\"PT-BR\"><span class=\"NormalTextRun SCXW166271910\">PPP &#8211; Perfil Profissiogr\u00e1fico Previdenci\u00e1rio<\/span><\/span><span class=\"EOP SCXW166271910\" data-ccp-props=\"{&quot;134233279&quot;:true,&quot;201341983&quot;:0,&quot;335559685&quot;:440,&quot;335559739&quot;:160,&quot;335559740&quot;:276}\">\u00a0<\/span><\/li>\n<li><span class=\"TextRun SCXW106583962\" lang=\"PT-BR\" xml:lang=\"PT-BR\"><span class=\"NormalTextRun SCXW106583962\">DIRF &#8211; Declara\u00e7\u00e3o do Imposto de Renda Retido na Fonte<\/span><\/span><span class=\"EOP SCXW106583962\" data-ccp-props=\"{&quot;134233279&quot;:true,&quot;201341983&quot;:0,&quot;335559685&quot;:440,&quot;335559739&quot;:160,&quot;335559740&quot;:276}\">\u00a0<\/span><\/li>\n<li><span class=\"TextRun SCXW73170300\" lang=\"PT-BR\" xml:lang=\"PT-BR\"><span class=\"NormalTextRun SCXW73170300\">DCTF &#8211; Declara\u00e7\u00e3o de D\u00e9bitos e Cr\u00e9ditos Tribut\u00e1rios Federais<\/span><\/span><span class=\"EOP SCXW73170300\" data-ccp-props=\"{&quot;134233279&quot;:true,&quot;201341983&quot;:0,&quot;335559685&quot;:440,&quot;335559739&quot;:160,&quot;335559740&quot;:276}\">\u00a0<\/span><\/li>\n<li><span class=\"TextRun SCXW85583096\" lang=\"PT-BR\" xml:lang=\"PT-BR\"><span class=\"NormalTextRun SCXW85583096\">QHT \u2013 Quadro de Hor\u00e1rio de Trabalho<\/span><\/span><span class=\"EOP SCXW85583096\" data-ccp-props=\"{&quot;134233279&quot;:true,&quot;201341983&quot;:0,&quot;335559685&quot;:440,&quot;335559739&quot;:160,&quot;335559740&quot;:276}\">\u00a0<\/span><\/li>\n<li><span class=\"TextRun SCXW220703350\" lang=\"PT-BR\" xml:lang=\"PT-BR\"><span class=\"NormalTextRun SCXW220703350\">MANAD \u2013 Manual Normativo de Arquivos Digitais\u00a0<\/span><\/span><span class=\"EOP SCXW220703350\" data-ccp-props=\"{&quot;134233279&quot;:true,&quot;201341983&quot;:0,&quot;335559685&quot;:440,&quot;335559739&quot;:160,&quot;335559740&quot;:276}\">\u00a0<\/span><\/li>\n<li><span class=\"TextRun SCXW247930862\" lang=\"PT-BR\" xml:lang=\"PT-BR\"><span class=\"NormalTextRun SCXW247930862\">Folha de pagamento<\/span><\/span><span class=\"EOP SCXW247930862\" data-ccp-props=\"{&quot;134233279&quot;:true,&quot;201341983&quot;:0,&quot;335559685&quot;:440,&quot;335559739&quot;:160,&quot;335559740&quot;:276}\">\u00a0<\/span><\/li>\n<li><span class=\"TextRun SCXW151225504\" lang=\"PT-BR\" xml:lang=\"PT-BR\"><span class=\"NormalTextRun SCXW151225504\">GRF \u2013 Guia de Recolhimento do FGTS<\/span><\/span><span class=\"EOP SCXW151225504\" data-ccp-props=\"{&quot;134233279&quot;:true,&quot;201341983&quot;:0,&quot;335559685&quot;:440,&quot;335559739&quot;:160,&quot;335559740&quot;:276}\">\u00a0<\/span><\/li>\n<li><span class=\"TextRun SCXW83100454\" lang=\"PT-BR\" xml:lang=\"PT-BR\"><span class=\"NormalTextRun SCXW83100454\">GPS \u2013 Guia da Previd\u00eancia Social\u00a0<\/span><\/span><span class=\"EOP SCXW83100454\" data-ccp-props=\"{&quot;134233279&quot;:true,&quot;201341983&quot;:0,&quot;335559685&quot;:440,&quot;335559739&quot;:160,&quot;335559740&quot;:276}\">\u00a0<\/span><\/li>\n<\/ul>\n<h2><span class=\"TextRun SCXW22681488\" lang=\"PT-BR\" xml:lang=\"PT-BR\"><span class=\"NormalTextRun SCXW22681488\">4. Quando minha funda\u00e7\u00e3o ser\u00e1 cobrada da ado\u00e7\u00e3o ao sistema?<\/span><\/span><span class=\"EOP SCXW22681488\" data-ccp-props=\"{&quot;201341983&quot;:0,&quot;335551550&quot;:6,&quot;335551620&quot;:6,&quot;335559739&quot;:160,&quot;335559740&quot;:276}\">\u00a0<\/span><\/h2>\n<p>Os empregadores foram divididos em tr\u00eas\u00a0grupos\u00a0para que pudessem implementar o sistema\u00a0gradativamente. S\u00e3o elas as grandes empresas, delimitadas por empresas com faturamento anual maior que 78 milh\u00f5es; demais empresas, inclusive micro, pequenas e\u00a0MEI\u2019s\u00a0que tenham empregados,\u00a0\u00e9 nesse grupo que entram as funda\u00e7\u00f5es de apoio. O \u00faltimo grupo abrange\u00a0os \u00f3rg\u00e3os p\u00fablicos\u00a0e o in\u00edcio da implanta\u00e7\u00e3o \u00e9 em janeiro de 2019.<span data-ccp-props=\"{&quot;201341983&quot;:0,&quot;335551550&quot;:6,&quot;335551620&quot;:6,&quot;335559739&quot;:160,&quot;335559740&quot;:276}\">\u00a0<\/span><\/p>\n<p>A implanta\u00e7\u00e3o consiste no cumprimento de cinco fases e de acordo com o cronograma divulgado pelo Governo Federal, as funda\u00e7\u00f5es de apoio que est\u00e3o inseridas no grupo de\u00a0Demais empresas*\u00a0dever\u00e3o iniciar a Fase\u00a01\u00a0da\u00a0implanta\u00e7\u00e3o em\u00a0julho\u00a0de 2018.<span data-ccp-props=\"{&quot;201341983&quot;:0,&quot;335551550&quot;:6,&quot;335551620&quot;:6,&quot;335559739&quot;:160,&quot;335559740&quot;:276}\">\u00a0<\/span><\/p>\n<p><span class=\"TextRun SCXW151273044\" lang=\"PT-BR\" xml:lang=\"PT-BR\"><span class=\"NormalTextRun SCXW151273044\">Confira o calend\u00e1rio completo de implanta\u00e7\u00e3o do e-social<\/span><\/span><span class=\"TextRun SCXW151273044\" lang=\"PT-BR\" xml:lang=\"PT-BR\"><span class=\"NormalTextRun SCXW151273044\">:<\/span><\/span><span class=\"EOP SCXW151273044\" data-ccp-props=\"{&quot;201341983&quot;:0,&quot;335551550&quot;:6,&quot;335551620&quot;:6,&quot;335559739&quot;:160,&quot;335559740&quot;:276}\">\u00a0<\/span><\/p>\n<div id=\"attachment_491\" style=\"width: 778px\" class=\"wp-caption aligncenter\"><img loading=\"lazy\" decoding=\"async\" aria-describedby=\"caption-attachment-491\" class=\"size-full wp-image-491\" src=\"https:\/\/www.conveniar.com.br\/blog\/wp-content\/uploads\/2018\/07\/e-social-5-fases_site-1.png\" alt=\"\" width=\"768\" height=\"747\" srcset=\"https:\/\/www.conveniar.com.br\/blog\/wp-content\/uploads\/2018\/07\/e-social-5-fases_site-1.png 768w, https:\/\/www.conveniar.com.br\/blog\/wp-content\/uploads\/2018\/07\/e-social-5-fases_site-1-300x292.png 300w\" sizes=\"(max-width: 768px) 100vw, 768px\" \/><p id=\"caption-attachment-491\" class=\"wp-caption-text\"><span class=\"TextRun SCXW188086427\" lang=\"PT-BR\" xml:lang=\"PT-BR\"><span class=\"NormalTextRun SCXW188086427\">Fonte: (<\/span><\/span><a class=\"Hyperlink SCXW188086427\" href=\"http:\/\/portal.esocial.gov.br\/\" target=\"_blank\" rel=\"noreferrer noopener\"><span class=\"TextRun Underlined SCXW188086427\" lang=\"PT-BR\" xml:lang=\"PT-BR\"><span class=\"NormalTextRun SCXW188086427\">Portal eSocial &#8211; Governo Federal<\/span><\/span><\/a><span class=\"TextRun SCXW188086427\" lang=\"PT-BR\" xml:lang=\"PT-BR\"><span class=\"NormalTextRun SCXW188086427\">)<\/span><\/span><span class=\"EOP SCXW188086427\" data-ccp-props=\"{&quot;201341983&quot;:0,&quot;335551550&quot;:3,&quot;335551620&quot;:3,&quot;335559739&quot;:160,&quot;335559740&quot;:276}\">\u00a0<\/span><\/p><\/div>\n<h2><span class=\"TextRun SCXW104508628\" lang=\"PT-BR\" xml:lang=\"PT-BR\"><span class=\"NormalTextRun SCXW104508628\">5. Quais v\u00ednculos empregat\u00edcios devem estar registrados?\u00a0<\/span><\/span><\/h2>\n<p><span class=\"EOP SCXW104508628\" data-ccp-props=\"{&quot;201341983&quot;:0,&quot;335551550&quot;:6,&quot;335551620&quot;:6,&quot;335559739&quot;:160,&quot;335559740&quot;:276}\"><span class=\"TextRun SCXW262980214\" lang=\"PT-BR\" xml:lang=\"PT-BR\"><span class=\"NormalTextRun SCXW262980214\">Devem ser registradas as informa\u00e7\u00f5es referentes \u00e0s diversas formas de rela\u00e7\u00f5es trabalhistas praticadas no Brasil. Ou seja, trabalhadores aut\u00f4nomos, estagi\u00e1rios, cooperados, celetistas (CLT), estatut\u00e1rios, avulsos ou mesmo sem v\u00ednculo empregat\u00edcio dever\u00e3o ter suas informa\u00e7\u00f5es trabalhistas sistematizadas no portal.<\/span><\/span><\/span><\/p>\n<h2><span class=\"EOP SCXW104508628\" data-ccp-props=\"{&quot;201341983&quot;:0,&quot;335551550&quot;:6,&quot;335551620&quot;:6,&quot;335559739&quot;:160,&quot;335559740&quot;:276}\"><span class=\"TextRun SCXW53620248\" lang=\"PT-BR\" xml:lang=\"PT-BR\"><span class=\"NormalTextRun SCXW53620248\">6. A que tipo de penalidades estou sujeito caso n\u00e3o cumpra algum quesito?<\/span><\/span><span class=\"EOP SCXW53620248\" data-ccp-props=\"{&quot;201341983&quot;:0,&quot;335551550&quot;:6,&quot;335551620&quot;:6,&quot;335559739&quot;:160,&quot;335559740&quot;:276}\">\u00a0<\/span>\u00a0<\/span><\/h2>\n<p><span class=\"TextRun SCXW191203429\" lang=\"PT-BR\" xml:lang=\"PT-BR\"><span class=\"NormalTextRun SCXW191203429\">Os empregadores estar\u00e3o sujeitos a basicamente as mesmas penalidades aplicadas hoje em casos de descumprimento das obriga\u00e7\u00f5es fiscais, previdenci\u00e1rias e trabalhistas. N\u00e3o h\u00e1 uma multa espec\u00edfica para quem n\u00e3o aderir ao sistema, entretanto, o processamento e a quita\u00e7\u00e3o das obriga\u00e7\u00f5es dos empregadores para com o Governo Federal\u00a0<\/span><\/span><span class=\"TextRun SCXW191203429\" lang=\"PT-BR\" xml:lang=\"PT-BR\"><span class=\"NormalTextRun SCXW191203429\">ficar\u00e3o<\/span><\/span><span class=\"TextRun SCXW191203429\" lang=\"PT-BR\" xml:lang=\"PT-BR\"><span class=\"NormalTextRun SCXW191203429\">\u00a0inviabilizadas por outros meios que n\u00e3o seja a plataforma do e-social. Sendo assim, se o Governo n\u00e3o for informado das suas quita\u00e7\u00f5es, o empregador ficar\u00e1 vulner\u00e1vel a multas e san\u00e7\u00f5es administrativas.<\/span><\/span><span class=\"EOP SCXW191203429\" data-ccp-props=\"{&quot;201341983&quot;:0,&quot;335551550&quot;:6,&quot;335551620&quot;:6,&quot;335559739&quot;:160,&quot;335559740&quot;:276}\">\u00a0<\/span><\/p>\n<h2><span class=\"TextRun SCXW111383259\" lang=\"PT-BR\" xml:lang=\"PT-BR\"><span class=\"NormalTextRun SCXW111383259\">E agora,\u00a0<\/span><\/span><span class=\"TextRun SCXW111383259\" lang=\"PT-BR\" xml:lang=\"PT-BR\"><span class=\"NormalTextRun SCXW111383259\">o que fazer\u00a0<\/span><\/span><span class=\"TextRun SCXW111383259\" lang=\"PT-BR\" xml:lang=\"PT-BR\"><span class=\"NormalTextRun SCXW111383259\">para finalizar a implanta\u00e7\u00e3o do\u00a0<\/span><\/span><span class=\"TextRun SCXW111383259\" lang=\"PT-BR\" xml:lang=\"PT-BR\"><span class=\"SpellingError SCXW111383259\">eSocial<\/span><\/span><span class=\"TextRun SCXW111383259\" lang=\"PT-BR\" xml:lang=\"PT-BR\"><span class=\"NormalTextRun SCXW111383259\">\u00a0com sucesso<\/span><\/span><span class=\"TextRun SCXW111383259\" lang=\"PT-BR\" xml:lang=\"PT-BR\"><span class=\"NormalTextRun SCXW111383259\">?<\/span><\/span><\/h2>\n<p>De\u00a0imediato, algumas medidas podem ser adotadas para facilitar a operacionaliza\u00e7\u00e3o dos novos procedimentos, como\u00a0a\u00a0qualifica\u00e7\u00e3o\u00a0dos cadastros do trabalhador e revis\u00e3o dos processos administrativos da funda\u00e7\u00e3o.<span data-ccp-props=\"{&quot;201341983&quot;:0,&quot;335551550&quot;:6,&quot;335551620&quot;:6,&quot;335559739&quot;:160,&quot;335559740&quot;:259}\">\u00a0<\/span><\/p>\n<p>Al\u00e9m de seguir a padroniza\u00e7\u00e3o no envio das\u00a0informa\u00e7\u00f5es, se atentar ao prazo tamb\u00e9m \u00e9 de extrema import\u00e2ncia. Confira abaixo a\u00a0<a href=\"http:\/\/portal.esocial.gov.br\/noticias\/esocial-sera-implantado-em-cinco-fases-a-partir-de-janeiro-de-2018\" target=\"_blank\" rel=\"noopener\">descri\u00e7\u00e3o de cada fase<\/a>\u00a0disponibilizada no Portal\u00a0eSocial\u00a0e\u00a0n\u00e3o perca tempo!<span data-ccp-props=\"{&quot;201341983&quot;:0,&quot;335551550&quot;:6,&quot;335551620&quot;:6,&quot;335559739&quot;:160,&quot;335559740&quot;:259}\">\u00a0<\/span><\/p>\n<p><b>Fase 1:<\/b>\u00a0<span style=\"color: #ff0000;\"><b>Julho\/18<\/b><\/span><b>\u00a0&#8211;<\/b>\u00a0Apenas informa\u00e7\u00f5es relativas \u00e0s empresas, ou seja, cadastros do empregador e tabelas<span data-ccp-props=\"{&quot;201341983&quot;:0,&quot;335551550&quot;:6,&quot;335551620&quot;:6,&quot;335559739&quot;:160,&quot;335559740&quot;:259}\">\u00a0<\/span><\/p>\n<p><b>Fase 2:\u00a0<\/b><b><span style=\"color: #ff0000;\">Set\/18<\/span> &#8211;<\/b>\u00a0Nesta fase, empresas passam a ser obrigadas a enviar informa\u00e7\u00f5es relativas aos trabalhadores e seus v\u00ednculos com as empresas (eventos n\u00e3o peri\u00f3dicos), como admiss\u00f5es, afastamentos e desligamentos<span data-ccp-props=\"{&quot;201341983&quot;:0,&quot;335551550&quot;:6,&quot;335551620&quot;:6,&quot;335559739&quot;:160,&quot;335559740&quot;:259}\">\u00a0<\/span><\/p>\n<p><b>Fase 3:\u00a0<\/b><span style=\"color: #ff0000;\"><b>Nov<\/b><b>\/18<\/b><b>\u00a0<\/b><\/span><b>&#8211;<\/b>\u00a0Torna-se obrigat\u00f3rio o envio das folhas de pagamento<span data-ccp-props=\"{&quot;201341983&quot;:0,&quot;335551550&quot;:6,&quot;335551620&quot;:6,&quot;335559739&quot;:160,&quot;335559740&quot;:259}\">\u00a0<\/span><\/p>\n<p><b>Fase 4:\u00a0<\/b><b><span style=\"color: #ff0000;\">Janeiro\/19<\/span> &#8211;<\/b><b>\u00a0<\/b>Substitui\u00e7\u00e3o da GFIP (Guia de informa\u00e7\u00f5es \u00e0 Previd\u00eancia Social) e compensa\u00e7\u00e3o cruzada<span data-ccp-props=\"{&quot;201341983&quot;:0,&quot;335551550&quot;:6,&quot;335551620&quot;:6,&quot;335559739&quot;:160,&quot;335559740&quot;:259}\">\u00a0<\/span><\/p>\n<p><b>Fase 5:<span style=\"color: #ff0000;\">\u00a0<\/span><\/b><b><span style=\"color: #ff0000;\">Janeiro\/19<\/span> &#8211;<\/b>\u00a0Na \u00faltima fase, dever\u00e3o ser enviados os dados de seguran\u00e7a e sa\u00fade do trabalhador<span data-ccp-props=\"{&quot;201341983&quot;:0,&quot;335551550&quot;:6,&quot;335551620&quot;:6,&quot;335559739&quot;:160,&quot;335559740&quot;:259}\">\u00a0<\/span><\/p>\n<p><em><strong><span class=\"TextRun SCXW75224918\" lang=\"PT-BR\" xml:lang=\"PT-BR\"><span class=\"NormalTextRun SCXW75224918\">B\u00f4nus!!!<\/span><\/span><span class=\"EOP SCXW75224918\" data-ccp-props=\"{&quot;201341983&quot;:0,&quot;335551550&quot;:6,&quot;335551620&quot;:6,&quot;335559739&quot;:160,&quot;335559740&quot;:259}\">\u00a0<\/span><\/strong><\/em><\/p>\n<p><span class=\"TextRun SCXW35885324\" lang=\"PT-BR\" xml:lang=\"PT-BR\"><span class=\"NormalTextRun SCXW35885324\">Separamos\u00a0<\/span><\/span><span class=\"TextRun SCXW35885324\" lang=\"PT-BR\" xml:lang=\"PT-BR\"><span class=\"NormalTextRun SCXW35885324\">6<\/span><\/span><span class=\"TextRun SCXW35885324\" lang=\"PT-BR\" xml:lang=\"PT-BR\"><span class=\"NormalTextRun SCXW35885324\">\u00a0<\/span><\/span><span class=\"TextRun SCXW35885324\" lang=\"PT-BR\" xml:lang=\"PT-BR\"><span class=\"NormalTextRun SCXW35885324\">dicas para colocar em pr\u00e1tica o quanto antes<\/span><\/span><span class=\"TextRun SCXW35885324\" lang=\"PT-BR\" xml:lang=\"PT-BR\"><span class=\"NormalTextRun SCXW35885324\">:<\/span><\/span><span class=\"EOP SCXW35885324\" data-ccp-props=\"{&quot;201341983&quot;:0,&quot;335551550&quot;:6,&quot;335551620&quot;:6,&quot;335559739&quot;:160,&quot;335559740&quot;:259}\">\u00a0<\/span><\/p>\n<h2><span class=\"TextRun SCXW212117310\" lang=\"PT-BR\" xml:lang=\"PT-BR\"><span class=\"NormalTextRun SCXW212117310\">1.<\/span><\/span><span class=\"TextRun SCXW212117310\" lang=\"PT-BR\" xml:lang=\"PT-BR\"><span class=\"NormalTextRun SCXW212117310\">\u00a0<\/span><\/span><span class=\"TextRun SCXW212117310\" lang=\"PT-BR\" xml:lang=\"PT-BR\"><span class=\"NormalTextRun SCXW212117310\">Adequa\u00e7\u00e3o ao sistema do\u00a0<\/span><\/span><span class=\"TextRun SCXW212117310\" lang=\"PT-BR\" xml:lang=\"PT-BR\"><span class=\"SpellingError SCXW212117310\">eSocial<\/span><\/span><span class=\"EOP SCXW212117310\" data-ccp-props=\"{&quot;201341983&quot;:0,&quot;335551550&quot;:6,&quot;335551620&quot;:6,&quot;335559739&quot;:160,&quot;335559740&quot;:259}\">\u00a0<\/span><\/h2>\n<p>Muitas das informa\u00e7\u00f5es requeridas pela plataforma, provavelmente j\u00e1 s\u00e3o registradas de forma eletr\u00f4nica. Caso sua funda\u00e7\u00e3o possua um sistema de folha de pagamento \u00e9 preciso se atentar \u00e0s informa\u00e7\u00f5es exigidas por ele. Isso porque o n\u00edvel de detalhamento das informa\u00e7\u00f5es requeridas pela plataforma \u00e9 bem maior e por isso talvez seja necess\u00e1rio novo levantamento de informa\u00e7\u00f5es de seus colaboradores.\u00a0<span data-ccp-props=\"{&quot;201341983&quot;:0,&quot;335551550&quot;:6,&quot;335551620&quot;:6,&quot;335559739&quot;:160,&quot;335559740&quot;:240}\">\u00a0<\/span><\/p>\n<p>Outra dica importante \u00e9 entrar em contato com o escrit\u00f3rio cont\u00e1bil ou com o sistema utilizado para folha de pagamento, verificando se o sistema conseguir\u00e1 gerar os arquivos que consigam dialogar com o\u00a0eSocial\u00a0e se necess\u00e1rio, levantar se \u00e9 poss\u00edvel realizar as\u00a0<a href=\"https:\/\/blog.fortestecnologia.com.br\/checklist-do-esocial-acompanhe-o-passo-a-passo-para-adequacao\/\" target=\"_blank\" rel=\"noopener\">adequa\u00e7\u00f5es<\/a>\u00a0antes do sistema desenvolvido pelo Governo\u00a0entrar em vigor.\u00a0<span data-ccp-props=\"{&quot;201341983&quot;:0,&quot;335551550&quot;:6,&quot;335551620&quot;:6,&quot;335559739&quot;:160,&quot;335559740&quot;:240}\">\u00a0<\/span><\/p>\n<h2><span class=\"TextRun SCXW135793423\" lang=\"PT-BR\" xml:lang=\"PT-BR\"><span class=\"NormalTextRun SCXW135793423\">2.\u00a0<\/span><\/span><span class=\"TextRun SCXW135793423\" lang=\"PT-BR\" xml:lang=\"PT-BR\"><span class=\"NormalTextRun SCXW135793423\">Aten\u00e7\u00e3o para a qualifica\u00e7\u00e3o cadastra<\/span><\/span><span class=\"TextRun SCXW135793423\" lang=\"PT-BR\" xml:lang=\"PT-BR\"><span class=\"NormalTextRun SCXW135793423\">l<\/span><\/span><span class=\"EOP SCXW135793423\" data-ccp-props=\"{&quot;201341983&quot;:0,&quot;335551550&quot;:6,&quot;335551620&quot;:6,&quot;335559739&quot;:160,&quot;335559740&quot;:259}\">\u00a0<\/span><\/h2>\n<p><span class=\"TextRun SCXW100110265\" lang=\"PT-BR\" xml:lang=\"PT-BR\"><span class=\"NormalTextRun SCXW100110265\">A inser\u00e7\u00e3o dos cadastros no sistema consiste na primeira fase de implanta\u00e7\u00e3o do\u00a0<\/span><\/span><span class=\"TextRun SCXW100110265\" lang=\"PT-BR\" xml:lang=\"PT-BR\"><span class=\"SpellingError SCXW100110265\">eSocial<\/span><\/span><span class=\"TextRun SCXW100110265\" lang=\"PT-BR\" xml:lang=\"PT-BR\"><span class=\"NormalTextRun SCXW100110265\">. Para evitar erros e retrabalhos, revise os dados pessoais dos colaboradores a atualize se necess\u00e1rio. Os dados cadastrados na plataforma ser\u00e3o confrontados com os registros atuais de \u00f3rg\u00e3os como a Receita Federal, a Caixa Econ\u00f4mica Federal, a Previd\u00eancia Social, e o Minist\u00e9rio do Trabalho e Emprego. Aproveite para verificar tamb\u00e9m se existem pend\u00eancias e regularize-as.<\/span><\/span><\/p>\n<h2><span class=\"TextRun SCXW171775379\" lang=\"PT-BR\" xml:lang=\"PT-BR\"><span class=\"NormalTextRun SCXW171775379\">3.\u00a0<\/span><\/span><span class=\"TextRun SCXW171775379\" lang=\"PT-BR\" xml:lang=\"PT-BR\"><span class=\"NormalTextRun SCXW171775379\">Invista em capacita\u00e7\u00e3o<\/span><\/span><span class=\"EOP SCXW171775379\" data-ccp-props=\"{&quot;201341983&quot;:0,&quot;335551550&quot;:6,&quot;335551620&quot;:6,&quot;335559739&quot;:160,&quot;335559740&quot;:259}\">\u00a0<\/span><\/h2>\n<p><span class=\"TextRun SCXW90634392\" lang=\"PT-BR\" xml:lang=\"PT-BR\"><span class=\"NormalTextRun SCXW90634392\">Diante da relev\u00e2ncia e complexibilidade da implanta\u00e7\u00e3o do\u00a0<\/span><\/span><span class=\"TextRun SCXW90634392\" lang=\"PT-BR\" xml:lang=\"PT-BR\"><span class=\"SpellingError SCXW90634392\">eSocial<\/span><\/span><span class=\"TextRun SCXW90634392\" lang=\"PT-BR\" xml:lang=\"PT-BR\"><span class=\"NormalTextRun SCXW90634392\">, defina respons\u00e1veis para desempenhar as atividades necess\u00e1rias e os capacite em termos de conhecimento em legisla\u00e7\u00e3o trabalhista e previdenci\u00e1ria. Se atente que v\u00e1rios setores da sua funda\u00e7\u00e3o ser\u00e3o envolvidos naturalmente, uma vez que o sistema exige informa\u00e7\u00f5es que permeiam as \u00e1reas de RH, financeira, cont\u00e1bil, jur\u00eddica e tecnologia da informa\u00e7\u00e3o. \u00c9 essencial que todos os atores envolvidos nos processos recebam treinamento adequado.<\/span><\/span><span class=\"EOP SCXW90634392\" data-ccp-props=\"{&quot;201341983&quot;:0,&quot;335551550&quot;:6,&quot;335551620&quot;:6,&quot;335559739&quot;:160,&quot;335559740&quot;:259}\">\u00a0<\/span><\/p>\n<h2><span class=\"TextRun SCXW139042642\" lang=\"PT-BR\" xml:lang=\"PT-BR\"><span class=\"NormalTextRun SCXW139042642\">4.\u00a0<\/span><\/span><span class=\"TextRun SCXW139042642\" lang=\"PT-BR\" xml:lang=\"PT-BR\"><span class=\"NormalTextRun SCXW139042642\">Estruture seus processos internos<\/span><\/span><span class=\"EOP SCXW139042642\" data-ccp-props=\"{&quot;201341983&quot;:0,&quot;335559739&quot;:160,&quot;335559740&quot;:259}\">\u00a0<\/span><\/h2>\n<p><span class=\"TextRun SCXW175888536\" lang=\"PT-BR\" xml:lang=\"PT-BR\"><span class=\"NormalTextRun SCXW175888536\">Reveja os processos existentes nos setores mencionados acima e avalie a necessidade de adequa\u00e7\u00e3o \u00e0s novas exig\u00eancias do Governo Federal. A comunica\u00e7\u00e3o entre os setores deve acontecer de forma fluida e completa, garantindo que as informa\u00e7\u00f5es estejam cadastradas corretamente no\u00a0<\/span><\/span><span class=\"TextRun SCXW175888536\" lang=\"PT-BR\" xml:lang=\"PT-BR\"><span class=\"SpellingError SCXW175888536\">eSocial<\/span><\/span><span class=\"TextRun SCXW175888536\" lang=\"PT-BR\" xml:lang=\"PT-BR\"><span class=\"NormalTextRun SCXW175888536\">. No in\u00edcio \u00e9 natural que a curva de aprendizado seja maior, mas com a adapta\u00e7\u00e3o, muitos processos manuais e informa\u00e7\u00f5es que se perdem no meio do caminho diminuir\u00e3o, otimizando a produtividades dos seus colaboradores.<\/span><\/span><\/p>\n<h2><span class=\"TextRun SCXW110687803\" lang=\"PT-BR\" xml:lang=\"PT-BR\"><span class=\"NormalTextRun SCXW110687803\">5.\u00a0<\/span><\/span><span class=\"TextRun SCXW110687803\" lang=\"PT-BR\" xml:lang=\"PT-BR\"><span class=\"NormalTextRun SCXW110687803\">Cargos x fun\u00e7\u00f5es<\/span><\/span><span class=\"EOP SCXW110687803\" data-ccp-props=\"{&quot;201341983&quot;:0,&quot;335559739&quot;:160,&quot;335559740&quot;:259}\">\u00a0<\/span><\/h2>\n<p><span class=\"TextRun SCXW131802887\" lang=\"PT-BR\" xml:lang=\"PT-BR\"><span class=\"NormalTextRun SCXW131802887\">No\u00a0<\/span><\/span><span class=\"TextRun SCXW131802887\" lang=\"PT-BR\" xml:lang=\"PT-BR\"><span class=\"SpellingError SCXW131802887\">eSocial<\/span><\/span><span class=\"TextRun SCXW131802887\" lang=\"PT-BR\" xml:lang=\"PT-BR\"><span class=\"NormalTextRun SCXW131802887\">, registrar apenas o cargo do trabalhador n\u00e3o ser\u00e1 suficiente, tamb\u00e9m ser\u00e1 preciso descrever a fun\u00e7\u00e3o desempenhada pelo empregado.\u00a0<\/span><\/span><span class=\"TextRun SCXW131802887\" lang=\"PT-BR\" xml:lang=\"PT-BR\"><span class=\"NormalTextRun SCXW131802887\">Uma dica<\/span><\/span><span class=\"TextRun SCXW131802887\" lang=\"PT-BR\" xml:lang=\"PT-BR\"><span class=\"NormalTextRun SCXW131802887\">\u00a0\u00e9 consultar a Classifica\u00e7\u00e3o Brasileira de Ocupa\u00e7\u00f5es (<\/span><\/span><a class=\"Hyperlink SCXW131802887\" href=\"http:\/\/www.mtecbo.gov.br\/cbosite\/pages\/saibaMais.jsf\" target=\"_blank\" rel=\"noreferrer noopener\"><span class=\"TextRun Underlined SCXW131802887\" lang=\"PT-BR\" xml:lang=\"PT-BR\"><span class=\"NormalTextRun SCXW131802887\">CBO<\/span><\/span><\/a><span class=\"TextRun SCXW131802887\" lang=\"PT-BR\" xml:lang=\"PT-BR\"><span class=\"NormalTextRun SCXW131802887\">), documento publicado pelo Minist\u00e9rio do trabalho que reconhece e descreve as caracter\u00edsticas das ocupa\u00e7\u00f5es do mercado brasileiro. No caso do seu setor de RH n\u00e3o ter essa descri\u00e7\u00e3o estabelecida facilitar\u00e1 a produ\u00e7\u00e3o da mesma ou caso j\u00e1 possua, basta revisar para verificar a adequa\u00e7\u00e3o entre as partes.<\/span><\/span><span class=\"EOP SCXW131802887\" data-ccp-props=\"{&quot;201341983&quot;:0,&quot;335551550&quot;:6,&quot;335551620&quot;:6,&quot;335559739&quot;:160,&quot;335559740&quot;:259}\">\u00a0<\/span><\/p>\n<h2><span class=\"TextRun SCXW31690325\" lang=\"PT-BR\" xml:lang=\"PT-BR\"><span class=\"NormalTextRun SCXW31690325\">6.\u00a0<\/span><\/span><span class=\"TextRun SCXW31690325\" lang=\"PT-BR\" xml:lang=\"PT-BR\"><span class=\"NormalTextRun SCXW31690325\">Esteja em dia com os laudos m\u00e9dicos<\/span><\/span><span class=\"EOP SCXW31690325\" data-ccp-props=\"{&quot;201341983&quot;:0,&quot;335559738&quot;:40,&quot;335559739&quot;:0,&quot;335559740&quot;:259}\">\u00a0<\/span><\/h2>\n<p><span class=\"TextRun SCXW188595753\" lang=\"PT-BR\" xml:lang=\"PT-BR\"><span class=\"NormalTextRun SCXW188595753\">Os laudos m\u00e9dicos asseguram que o trabalhador est\u00e1 apto a desempenhar suas fun\u00e7\u00f5es e diante de tamanha import\u00e2ncia, eles ser\u00e3o obrigat\u00f3rios para todos os empregadores,\u00a0<\/span><\/span><span class=\"TextRun SCXW188595753\" lang=\"PT-BR\" xml:lang=\"PT-BR\"><span class=\"NormalTextRun SCXW188595753\">independentemente<\/span><\/span><span class=\"TextRun SCXW188595753\" lang=\"PT-BR\" xml:lang=\"PT-BR\"><span class=\"NormalTextRun SCXW188595753\">\u00a0do n\u00famero de empregados que possuem. Os tipos de laudos exigidos variam de acordo com a entidade empregadora e atividades desempenhadas pelo colaborador.\u00a0<\/span><\/span><span class=\"EOP SCXW188595753\" data-ccp-props=\"{&quot;201341983&quot;:0,&quot;335551550&quot;:6,&quot;335551620&quot;:6,&quot;335559739&quot;:160,&quot;335559740&quot;:259}\">\u00a0<\/span><\/p>\n<p><span class=\"TextRun SCXW200052881\" lang=\"PT-BR\" xml:lang=\"PT-BR\"><span class=\"NormalTextRun SCXW200052881\">Se atente ao cumprimento das normas tangentes aos laudos do\u00a0<\/span><\/span><span class=\"TextRun SCXW200052881\" lang=\"PT-BR\" xml:lang=\"PT-BR\"><span class=\"NormalTextRun SCXW200052881\">Programa de Controle M\u00e9dico de Sa\u00fade Ocupacional (PCMSO), do Programa de Preven\u00e7\u00e3o de Riscos Ambientais (PPRA), do Laudo T\u00e9cnico das Condi\u00e7\u00f5es Ambientais de Trabalho (LTCAT) e do Perfil Profissiogr\u00e1fico Previdenci\u00e1rio (PPP).<\/span><\/span><span class=\"EOP SCXW200052881\" data-ccp-props=\"{&quot;201341983&quot;:0,&quot;335551550&quot;:6,&quot;335551620&quot;:6,&quot;335559739&quot;:160,&quot;335559740&quot;:259}\">\u00a0<\/span><\/p>\n<h2><span class=\"TextRun SCXW156084107\" lang=\"PT-BR\" xml:lang=\"PT-BR\"><span class=\"NormalTextRun SCXW156084107\">Concluindo<\/span><\/span><span class=\"EOP SCXW156084107\" data-ccp-props=\"{&quot;201341983&quot;:0,&quot;335551550&quot;:6,&quot;335551620&quot;:6,&quot;335559739&quot;:160,&quot;335559740&quot;:259}\">\u00a0<\/span><\/h2>\n<p>T\u00e1 lembrado do que falamos no nosso artigo sobre\u00a0<a href=\"https:\/\/www.conveniar.com.br\/blog\/gestao\/reforma-trabalhista-e-o-esocial-nas-fundacoes-de-apoio\/\" target=\"_blank\" rel=\"noopener\">eSocial nas funda\u00e7\u00f5es de apoio<\/a>?\u00a0Confira um breve resumo que traz quest\u00f5es pertinentes no que se refere\u00a0\u00e0\u00a0administra\u00e7\u00e3o da m\u00e3o-de-obra contratada para os projetos geridos pela funda\u00e7\u00e3o.<span data-ccp-props=\"{&quot;201341983&quot;:0,&quot;335551550&quot;:6,&quot;335551620&quot;:6,&quot;335559739&quot;:160,&quot;335559740&quot;:259}\">\u00a0<\/span><\/p>\n<p>_______<span data-ccp-props=\"{&quot;201341983&quot;:0,&quot;335551550&quot;:6,&quot;335551620&quot;:6,&quot;335559739&quot;:160,&quot;335559740&quot;:259}\">\u00a0<\/span><\/p>\n<p>Das obriga\u00e7\u00f5es legais a serem cumpridas pelas funda\u00e7\u00f5es de apoio, o\u00a0eSocial\u00a0pode ser considerado um \u201cterror\u201d. Seguir todas as normativas, principalmente temporais, \u00e9 um desafio gigante a ser vencido, pois requer manter controle de perto sobre a m\u00e3o-de-obra contratada.\u00a0<span data-ccp-props=\"{&quot;201341983&quot;:0,&quot;335551550&quot;:6,&quot;335551620&quot;:6,&quot;335559739&quot;:160,&quot;335559740&quot;:259}\">\u00a0<\/span><\/p>\n<p>No caso dos projetos geridos, normalmente essa m\u00e3o-de-obra fica alocada fora da funda\u00e7\u00e3o de apoio e subordinada aos coordenadores dos projetos. Apesar do v\u00ednculo trabalhista, muitas vezes estes colaboradores n\u00e3o se sentem funcion\u00e1rios da funda\u00e7\u00e3o e se relacionam pouco com ela.\u00a0<span data-ccp-props=\"{&quot;201341983&quot;:0,&quot;335551550&quot;:6,&quot;335551620&quot;:6,&quot;335559739&quot;:160,&quot;335559740&quot;:259}\">\u00a0<\/span><\/p>\n<p>Mas, para conseguir atender \u00e0s exig\u00eancias trabalhistas, principalmente nos prazos exigidos, as funda\u00e7\u00f5es ter\u00e3o de mudar esta realidade, se aproximar destas equipes, mant\u00ea-los informados e buscar informa\u00e7\u00f5es continuamente. Precisar\u00e1 conscientizar os coordenadores e sua equipe das novas exig\u00eancias e manter um canal ativo de comunica\u00e7\u00e3o.<span data-ccp-props=\"{&quot;201341983&quot;:0,&quot;335551550&quot;:6,&quot;335551620&quot;:6,&quot;335559739&quot;:160,&quot;335559740&quot;:259}\">\u00a0<\/span><\/p>\n<p>Para isso acontecer o uso correto da tecnologia, por sua vez, \u00e9 que garantir\u00e1 a fluidez da comunica\u00e7\u00e3o entre eles. \u00c9 importante que as funda\u00e7\u00f5es de apoio, e as empresas no \u00e2mbito geral, estruturem e organizem todos os dados de seus funcion\u00e1rios e entendam o funcionamento do\u00a0eSocial.\u00a0<span data-ccp-props=\"{&quot;201341983&quot;:0,&quot;335551550&quot;:6,&quot;335551620&quot;:6,&quot;335559739&quot;:160,&quot;335559740&quot;:259}\">\u00a0<\/span><\/p>\n<p>Dessa forma, os poss\u00edveis erros que impe\u00e7am o envio dos dados ao governo ser\u00e3o minimizados e todo o processo fluir\u00e1 de forma eficiente, evitando multas e atrasos \u00e0s institui\u00e7\u00f5es.<span data-ccp-props=\"{&quot;201341983&quot;:0,&quot;335551550&quot;:6,&quot;335551620&quot;:6,&quot;335559739&quot;:160,&quot;335559740&quot;:259}\">\u00a0<\/span><\/p>\n<p>Um bom planejamento e o uso certo de ferramentas ajudar\u00e1 as funda\u00e7\u00f5es de apoio a atender as obriga\u00e7\u00f5es do\u00a0eSocial\u00a0e demais legisla\u00e7\u00f5es que est\u00e3o sendo cada dia mais fiscalizadas.<span data-ccp-props=\"{&quot;201341983&quot;:0,&quot;335551550&quot;:6,&quot;335551620&quot;:6,&quot;335559739&quot;:160,&quot;335559740&quot;:259}\">\u00a0<\/span><\/p>\n<p>__________<span data-ccp-props=\"{&quot;201341983&quot;:0,&quot;335551550&quot;:6,&quot;335551620&quot;:6,&quot;335559739&quot;:160,&quot;335559740&quot;:259}\">\u00a0<\/span><\/p>\n<p>Apesar de todo esfor\u00e7o inicial que ser\u00e1 demandado para se adequar ao sistema unificado, a tend\u00eancia \u00e9 desburocratizar a presta\u00e7\u00e3o de contas ao Governo.\u00a0As entregas que hoje s\u00e3o realizadas em formatos e datas distintas a diferentes \u00f3rg\u00e3os passar\u00e3o\u00a0a ser uma entrega padronizada e com data \u00fanica a um mesmo sistema.\u00a0<span data-ccp-props=\"{&quot;201341983&quot;:0,&quot;335551550&quot;:6,&quot;335551620&quot;:6,&quot;335559739&quot;:160,&quot;335559740&quot;:259}\">\u00a0<\/span><\/p>\n<p>A ado\u00e7\u00e3o ao novo canal\u00a0promete otimizar o tempo de trabalho de seus colaboradores al\u00e9m de trazer mais seguran\u00e7a para sua funda\u00e7\u00e3o, j\u00e1 que a probabilidade de erros nos c\u00e1lculos trabalhistas e previdenci\u00e1rio ser\u00e1 menor, mitigando o risco de multas, san\u00e7\u00f5es e processos.<span data-ccp-props=\"{&quot;201341983&quot;:0,&quot;335551550&quot;:6,&quot;335551620&quot;:6,&quot;335559739&quot;:160,&quot;335559740&quot;:259}\">\u00a0<\/span><\/p>\n<p>O\u00a0eSocial\u00a0j\u00e1 \u00e9 uma realidade e est\u00e1 vindo com tudo para fazer com que a legisla\u00e7\u00e3o se cumpra. O ideal \u00e9 aproveitar\u00a0as fases de implanta\u00e7\u00e3o durante o segundo semestre\u00a0e fazer as adequa\u00e7\u00f5es\u00a0necess\u00e1rias,\u00a0evitando erros e surpresas em janeiro de 2019,\u00a0quando as atividades j\u00e1 dever\u00e3o\u00a0estar\u00a0funcionando totalmente dentro do sistema \u00fanico.<span data-ccp-props=\"{&quot;201341983&quot;:0,&quot;335551550&quot;:6,&quot;335551620&quot;:6,&quot;335559739&quot;:160,&quot;335559740&quot;:259}\">\u00a0<\/span><\/p>\n<p>Ainda ficou com alguma d\u00favida? Fique por dentro\u00a0do\u00a0<a href=\"http:\/\/portal.esocial.gov.br\/noticias\/disponibilizada-previa-da-nova-versao-do-manual-de-orientacao-do-esocial\" target=\"_blank\" rel=\"noopener\">Manual de Orienta\u00e7\u00e3o do eSocial<\/a>, material disponibilizado pelo\u00a0Governo Federal com o intuito de auxiliar os empregadores nessa etapa de transi\u00e7\u00e3o de sistemas.<span data-ccp-props=\"{&quot;201341983&quot;:0,&quot;335551550&quot;:6,&quot;335551620&quot;:6,&quot;335559739&quot;:160,&quot;335559740&quot;:259}\">\u00a0<\/span><\/p>\n<p>&nbsp;<\/p>\n","protected":false},"excerpt":{"rendered":"<p>A partir de hoje, 16 de julho,\u00a0todas as funda\u00e7\u00f5es de apoio dever\u00e3o iniciar a implementa\u00e7\u00e3o do Sistema de Escritura\u00e7\u00e3o Digital das Obriga\u00e7\u00f5es Fiscais, Previdenci\u00e1rias e Trabalhistas ou como \u00e9 mais conhecido, o\u00a0eSocial. O sistema desenvolvido pelo Governo Federal visa unificar a comunica\u00e7\u00e3o dos encargos trabalhistas, que at\u00e9 ent\u00e3o \u00e9 feita de forma fragmentada a cada [&hellip;]<\/p>\n","protected":false},"author":1,"featured_media":493,"comment_status":"closed","ping_status":"closed","sticky":false,"template":"","format":"standard","meta":{"footnotes":""},"categories":[39],"tags":[94,27],"yoast_head":"<!-- This site is optimized with the Yoast SEO plugin v23.5 - https:\/\/yoast.com\/wordpress\/plugins\/seo\/ -->\n<title>Vem a\u00ed o eSocial para funda\u00e7\u00f5es de apoio - Blog do Conveniar<\/title>\n<meta name=\"description\" content=\"A partir de hoje, 16 de julho,\u00a0todas as funda\u00e7\u00f5es de apoio dever\u00e3o iniciar a implementa\u00e7\u00e3o do Sistema de Escritura\u00e7\u00e3o Digital das Obriga\u00e7\u00f5es Fiscais, Previdenci\u00e1rias e Trabalhistas ou como \u00e9 mais conhecido, o\u00a0eSocial.\" \/>\n<meta name=\"robots\" content=\"index, follow, max-snippet:-1, max-image-preview:large, max-video-preview:-1\" \/>\n<link rel=\"canonical\" href=\"https:\/\/www.conveniar.com.br\/blog\/esocial-para-fundacoes-de-apoio\/\" \/>\n<meta property=\"og:locale\" content=\"pt_BR\" \/>\n<meta property=\"og:type\" content=\"article\" \/>\n<meta property=\"og:title\" content=\"Vem a\u00ed o eSocial para funda\u00e7\u00f5es de apoio - Blog do Conveniar\" \/>\n<meta property=\"og:description\" content=\"A partir de hoje, 16 de julho,\u00a0todas as funda\u00e7\u00f5es de apoio dever\u00e3o iniciar a implementa\u00e7\u00e3o do Sistema de Escritura\u00e7\u00e3o Digital das Obriga\u00e7\u00f5es Fiscais, Previdenci\u00e1rias e Trabalhistas ou como \u00e9 mais conhecido, o\u00a0eSocial.\" \/>\n<meta property=\"og:url\" content=\"https:\/\/www.conveniar.com.br\/blog\/esocial-para-fundacoes-de-apoio\/\" \/>\n<meta property=\"og:site_name\" content=\"Blog do Conveniar\" \/>\n<meta property=\"article:published_time\" content=\"2018-07-17T12:39:57+00:00\" \/>\n<meta property=\"article:modified_time\" content=\"2019-10-16T11:51:53+00:00\" \/>\n<meta property=\"og:image\" content=\"https:\/\/www.conveniar.com.br\/blog\/wp-content\/uploads\/2018\/07\/esocial.png\" \/>\n\t<meta property=\"og:image:width\" content=\"600\" \/>\n\t<meta property=\"og:image:height\" content=\"312\" \/>\n\t<meta property=\"og:image:type\" content=\"image\/png\" \/>\n<meta name=\"author\" content=\"Conveniar\" \/>\n<meta name=\"twitter:card\" content=\"summary_large_image\" \/>\n<meta name=\"twitter:label1\" content=\"Escrito por\" \/>\n\t<meta name=\"twitter:data1\" content=\"Conveniar\" \/>\n\t<meta name=\"twitter:label2\" content=\"Est. tempo de leitura\" \/>\n\t<meta name=\"twitter:data2\" content=\"11 minutos\" \/>\n<script type=\"application\/ld+json\" class=\"yoast-schema-graph\">{\"@context\":\"https:\/\/schema.org\",\"@graph\":[{\"@type\":\"WebPage\",\"@id\":\"https:\/\/www.conveniar.com.br\/blog\/esocial-para-fundacoes-de-apoio\/\",\"url\":\"https:\/\/www.conveniar.com.br\/blog\/esocial-para-fundacoes-de-apoio\/\",\"name\":\"Vem a\u00ed o eSocial para funda\u00e7\u00f5es de apoio - Blog do Conveniar\",\"isPartOf\":{\"@id\":\"https:\/\/www.conveniar.com.br\/blog\/#website\"},\"primaryImageOfPage\":{\"@id\":\"https:\/\/www.conveniar.com.br\/blog\/esocial-para-fundacoes-de-apoio\/#primaryimage\"},\"image\":{\"@id\":\"https:\/\/www.conveniar.com.br\/blog\/esocial-para-fundacoes-de-apoio\/#primaryimage\"},\"thumbnailUrl\":\"https:\/\/www.conveniar.com.br\/blog\/wp-content\/uploads\/2018\/07\/esocial.png\",\"datePublished\":\"2018-07-17T12:39:57+00:00\",\"dateModified\":\"2019-10-16T11:51:53+00:00\",\"author\":{\"@id\":\"https:\/\/www.conveniar.com.br\/blog\/#\/schema\/person\/a146b69e24212cc4fd57fdbacc53ab63\"},\"description\":\"A partir de hoje, 16 de julho,\u00a0todas as funda\u00e7\u00f5es de apoio dever\u00e3o iniciar a implementa\u00e7\u00e3o do Sistema de Escritura\u00e7\u00e3o Digital das Obriga\u00e7\u00f5es Fiscais, Previdenci\u00e1rias e Trabalhistas ou como \u00e9 mais conhecido, o\u00a0eSocial.\",\"inLanguage\":\"pt-BR\",\"potentialAction\":[{\"@type\":\"ReadAction\",\"target\":[\"https:\/\/www.conveniar.com.br\/blog\/esocial-para-fundacoes-de-apoio\/\"]}]},{\"@type\":\"ImageObject\",\"inLanguage\":\"pt-BR\",\"@id\":\"https:\/\/www.conveniar.com.br\/blog\/esocial-para-fundacoes-de-apoio\/#primaryimage\",\"url\":\"https:\/\/www.conveniar.com.br\/blog\/wp-content\/uploads\/2018\/07\/esocial.png\",\"contentUrl\":\"https:\/\/www.conveniar.com.br\/blog\/wp-content\/uploads\/2018\/07\/esocial.png\",\"width\":600,\"height\":312},{\"@type\":\"WebSite\",\"@id\":\"https:\/\/www.conveniar.com.br\/blog\/#website\",\"url\":\"https:\/\/www.conveniar.com.br\/blog\/\",\"name\":\"Blog do Conveniar\",\"description\":\"Excel\u00eancia em gest\u00e3o para funda\u00e7\u00f5es de apoio\",\"potentialAction\":[{\"@type\":\"SearchAction\",\"target\":{\"@type\":\"EntryPoint\",\"urlTemplate\":\"https:\/\/www.conveniar.com.br\/blog\/?s={search_term_string}\"},\"query-input\":{\"@type\":\"PropertyValueSpecification\",\"valueRequired\":true,\"valueName\":\"search_term_string\"}}],\"inLanguage\":\"pt-BR\"},{\"@type\":\"Person\",\"@id\":\"https:\/\/www.conveniar.com.br\/blog\/#\/schema\/person\/a146b69e24212cc4fd57fdbacc53ab63\",\"name\":\"Conveniar\",\"image\":{\"@type\":\"ImageObject\",\"inLanguage\":\"pt-BR\",\"@id\":\"https:\/\/www.conveniar.com.br\/blog\/#\/schema\/person\/image\/\",\"url\":\"https:\/\/secure.gravatar.com\/avatar\/40519883cfee056b1cbb92df8022a181?s=96&d=mm&r=g\",\"contentUrl\":\"https:\/\/secure.gravatar.com\/avatar\/40519883cfee056b1cbb92df8022a181?s=96&d=mm&r=g\",\"caption\":\"Conveniar\"},\"url\":\"https:\/\/www.conveniar.com.br\/blog\/author\/conveniar\/\"}]}<\/script>\n<!-- \/ Yoast SEO plugin. -->","yoast_head_json":{"title":"Vem a\u00ed o eSocial para funda\u00e7\u00f5es de apoio - Blog do Conveniar","description":"A partir de hoje, 16 de julho,\u00a0todas as funda\u00e7\u00f5es de apoio dever\u00e3o iniciar a implementa\u00e7\u00e3o do Sistema de Escritura\u00e7\u00e3o Digital das Obriga\u00e7\u00f5es Fiscais, Previdenci\u00e1rias e Trabalhistas ou como \u00e9 mais conhecido, o\u00a0eSocial.","robots":{"index":"index","follow":"follow","max-snippet":"max-snippet:-1","max-image-preview":"max-image-preview:large","max-video-preview":"max-video-preview:-1"},"canonical":"https:\/\/www.conveniar.com.br\/blog\/esocial-para-fundacoes-de-apoio\/","og_locale":"pt_BR","og_type":"article","og_title":"Vem a\u00ed o eSocial para funda\u00e7\u00f5es de apoio - Blog do Conveniar","og_description":"A partir de hoje, 16 de julho,\u00a0todas as funda\u00e7\u00f5es de apoio dever\u00e3o iniciar a implementa\u00e7\u00e3o do Sistema de Escritura\u00e7\u00e3o Digital das Obriga\u00e7\u00f5es Fiscais, Previdenci\u00e1rias e Trabalhistas ou como \u00e9 mais conhecido, o\u00a0eSocial.","og_url":"https:\/\/www.conveniar.com.br\/blog\/esocial-para-fundacoes-de-apoio\/","og_site_name":"Blog do Conveniar","article_published_time":"2018-07-17T12:39:57+00:00","article_modified_time":"2019-10-16T11:51:53+00:00","og_image":[{"width":600,"height":312,"url":"https:\/\/www.conveniar.com.br\/blog\/wp-content\/uploads\/2018\/07\/esocial.png","type":"image\/png"}],"author":"Conveniar","twitter_card":"summary_large_image","twitter_misc":{"Escrito por":"Conveniar","Est. tempo de leitura":"11 minutos"},"schema":{"@context":"https:\/\/schema.org","@graph":[{"@type":"WebPage","@id":"https:\/\/www.conveniar.com.br\/blog\/esocial-para-fundacoes-de-apoio\/","url":"https:\/\/www.conveniar.com.br\/blog\/esocial-para-fundacoes-de-apoio\/","name":"Vem a\u00ed o eSocial para funda\u00e7\u00f5es de apoio - Blog do Conveniar","isPartOf":{"@id":"https:\/\/www.conveniar.com.br\/blog\/#website"},"primaryImageOfPage":{"@id":"https:\/\/www.conveniar.com.br\/blog\/esocial-para-fundacoes-de-apoio\/#primaryimage"},"image":{"@id":"https:\/\/www.conveniar.com.br\/blog\/esocial-para-fundacoes-de-apoio\/#primaryimage"},"thumbnailUrl":"https:\/\/www.conveniar.com.br\/blog\/wp-content\/uploads\/2018\/07\/esocial.png","datePublished":"2018-07-17T12:39:57+00:00","dateModified":"2019-10-16T11:51:53+00:00","author":{"@id":"https:\/\/www.conveniar.com.br\/blog\/#\/schema\/person\/a146b69e24212cc4fd57fdbacc53ab63"},"description":"A partir de hoje, 16 de julho,\u00a0todas as funda\u00e7\u00f5es de apoio dever\u00e3o iniciar a implementa\u00e7\u00e3o do Sistema de Escritura\u00e7\u00e3o Digital das Obriga\u00e7\u00f5es Fiscais, Previdenci\u00e1rias e Trabalhistas ou como \u00e9 mais conhecido, o\u00a0eSocial.","inLanguage":"pt-BR","potentialAction":[{"@type":"ReadAction","target":["https:\/\/www.conveniar.com.br\/blog\/esocial-para-fundacoes-de-apoio\/"]}]},{"@type":"ImageObject","inLanguage":"pt-BR","@id":"https:\/\/www.conveniar.com.br\/blog\/esocial-para-fundacoes-de-apoio\/#primaryimage","url":"https:\/\/www.conveniar.com.br\/blog\/wp-content\/uploads\/2018\/07\/esocial.png","contentUrl":"https:\/\/www.conveniar.com.br\/blog\/wp-content\/uploads\/2018\/07\/esocial.png","width":600,"height":312},{"@type":"WebSite","@id":"https:\/\/www.conveniar.com.br\/blog\/#website","url":"https:\/\/www.conveniar.com.br\/blog\/","name":"Blog do Conveniar","description":"Excel\u00eancia em gest\u00e3o para funda\u00e7\u00f5es de apoio","potentialAction":[{"@type":"SearchAction","target":{"@type":"EntryPoint","urlTemplate":"https:\/\/www.conveniar.com.br\/blog\/?s={search_term_string}"},"query-input":{"@type":"PropertyValueSpecification","valueRequired":true,"valueName":"search_term_string"}}],"inLanguage":"pt-BR"},{"@type":"Person","@id":"https:\/\/www.conveniar.com.br\/blog\/#\/schema\/person\/a146b69e24212cc4fd57fdbacc53ab63","name":"Conveniar","image":{"@type":"ImageObject","inLanguage":"pt-BR","@id":"https:\/\/www.conveniar.com.br\/blog\/#\/schema\/person\/image\/","url":"https:\/\/secure.gravatar.com\/avatar\/40519883cfee056b1cbb92df8022a181?s=96&d=mm&r=g","contentUrl":"https:\/\/secure.gravatar.com\/avatar\/40519883cfee056b1cbb92df8022a181?s=96&d=mm&r=g","caption":"Conveniar"},"url":"https:\/\/www.conveniar.com.br\/blog\/author\/conveniar\/"}]}},"_links":{"self":[{"href":"https:\/\/www.conveniar.com.br\/blog\/wp-json\/wp\/v2\/posts\/397"}],"collection":[{"href":"https:\/\/www.conveniar.com.br\/blog\/wp-json\/wp\/v2\/posts"}],"about":[{"href":"https:\/\/www.conveniar.com.br\/blog\/wp-json\/wp\/v2\/types\/post"}],"author":[{"embeddable":true,"href":"https:\/\/www.conveniar.com.br\/blog\/wp-json\/wp\/v2\/users\/1"}],"replies":[{"embeddable":true,"href":"https:\/\/www.conveniar.com.br\/blog\/wp-json\/wp\/v2\/comments?post=397"}],"version-history":[{"count":2,"href":"https:\/\/www.conveniar.com.br\/blog\/wp-json\/wp\/v2\/posts\/397\/revisions"}],"predecessor-version":[{"id":494,"href":"https:\/\/www.conveniar.com.br\/blog\/wp-json\/wp\/v2\/posts\/397\/revisions\/494"}],"wp:featuredmedia":[{"embeddable":true,"href":"https:\/\/www.conveniar.com.br\/blog\/wp-json\/wp\/v2\/media\/493"}],"wp:attachment":[{"href":"https:\/\/www.conveniar.com.br\/blog\/wp-json\/wp\/v2\/media?parent=397"}],"wp:term":[{"taxonomy":"category","embeddable":true,"href":"https:\/\/www.conveniar.com.br\/blog\/wp-json\/wp\/v2\/categories?post=397"},{"taxonomy":"post_tag","embeddable":true,"href":"https:\/\/www.conveniar.com.br\/blog\/wp-json\/wp\/v2\/tags?post=397"}],"curies":[{"name":"wp","href":"https:\/\/api.w.org\/{rel}","templated":true}]}}