{"id":461,"date":"2019-09-23T13:58:10","date_gmt":"2019-09-23T16:58:10","guid":{"rendered":"http:\/\/fundacaoemfoco.com.br\/legislacao\/mudancas-no-esocial-o-que-voce-precisa-saber-em-2019\/"},"modified":"2020-08-27T08:08:47","modified_gmt":"2020-08-27T11:08:47","slug":"mudancas-no-esocial-o-que-voce-precisa-saber-em-2019","status":"publish","type":"post","link":"https:\/\/www.conveniar.com.br\/blog\/mudancas-no-esocial-o-que-voce-precisa-saber-em-2019\/","title":{"rendered":"Mudan\u00e7as no eSocial: o que voc\u00ea precisa saber em 2019"},"content":{"rendered":"<p>Em julho de 2019, o governo federal anunciou que o <strong>eSocial<\/strong> passar\u00e1 por <strong>mudan\u00e7as<\/strong> significativas a partir de janeiro de 2020. O <strong>eSocial<\/strong> \u00e9 um sistema que foi criado para simplificar o envio de informa\u00e7\u00f5es sobre trabalhadores e permitir que as empresas forne\u00e7am os dados uma \u00fanica vez. Para as <a href=\"http:\/\/fundacaoemfoco.com.br\/legislacao\/esocial-para-fundacoes-de-apoio\/\" target=\"_blank\" rel=\"noopener\">funda\u00e7\u00f5es de apoio<\/a>, o uso do eSocial \u00e9 obrigat\u00f3rio desde julho de 2018.<\/p>\n<p>No entanto, ap\u00f3s diversos debates com a sociedade civil, ouvindo usu\u00e1rios e desenvolvedores, o governo entendeu que o sistema ainda era muito complexo e que exigia uma quantidade muito grande de informa\u00e7\u00f5es, muitas vezes com pouca utilidade. Por isso, resolveu promover <strong>mudan\u00e7as no eSocial<\/strong>, com o intuito de torn\u00e1-lo mais simples e eficaz.<\/p>\n<p>Neste post, vamos detalhar o que se sabe at\u00e9 o momento sobre essas altera\u00e7\u00f5es. Confira!<\/p>\n<h2>Substitui\u00e7\u00e3o por dois sistemas<\/h2>\n<p>O <strong>eSocial<\/strong> dever\u00e1 ser substitu\u00eddo por dois sistemas a partir de janeiro de 2020. Um deles servir\u00e1 para informa\u00e7\u00f5es trabalhistas e previdenci\u00e1rias e o outro para informa\u00e7\u00f5es tribut\u00e1rias.<\/p>\n<p>Mesmo assim, o secret\u00e1rio especial de Previd\u00eancia e Trabalho, Rog\u00e9rio Marinho, afirma que n\u00e3o haver\u00e1 aumento na exig\u00eancia de informa\u00e7\u00f5es, uma vez que ambos os sistemas dever\u00e3o ser mais simples do que o atual.<\/p>\n<h2>Redu\u00e7\u00e3o do n\u00famero de informa\u00e7\u00f5es requeridas<\/h2>\n<p>Paralelamente ao lan\u00e7amento das duas plataformas, o governo afirma que pretende reduzir, ainda em 2019, o n\u00famero de dados que empresas e empregadores dom\u00e9sticos s\u00e3o obrigados a informar. Atualmente, s\u00e3o cerca de 900 dados, n\u00famero que cairia pela metade, para 450. Assim, haver\u00e1 uma redu\u00e7\u00e3o significativa no n\u00famero de campos e exclus\u00e3o de eventos inteiros.<\/p>\n<p>Os dados que deixar\u00e3o de ser exigidos ser\u00e3o informados por meio de portarias a serem publicadas no per\u00edodo de alguns meses.<\/p>\n<h2>Exclus\u00e3o de campos opcionais<\/h2>\n<p>Os campos opcionais, como os que solicitam n\u00fameros de documentos pessoais, ser\u00e3o exclu\u00eddos da estrutura, pois geram d\u00favidas nos usu\u00e1rios.<\/p>\n<h2>Exig\u00eancias diferenciadas<\/h2>\n<p>Ainda de acordo com o que o governo informou, as exig\u00eancias ser\u00e3o diferenciadas, levando em considera\u00e7\u00e3o o porte do empregador: quanto menor o porte, menor ser\u00e1 o n\u00edvel das obriga\u00e7\u00f5es.<\/p>\n<h2>Unifica\u00e7\u00e3o de n\u00fameros de identifica\u00e7\u00e3o<\/h2>\n<p>Est\u00e1 prevista tamb\u00e9m a unifica\u00e7\u00e3o de diversos n\u00fameros de identifica\u00e7\u00e3o em torno do CPF (Cadastro de Pessoas F\u00edsicas). Assim, o novo sistema n\u00e3o deve exigir informa\u00e7\u00f5es como n\u00famero da carteira de identidade, t\u00edtulo de eleitor ou PIS (Programa de Integra\u00e7\u00e3o Social). Essa altera\u00e7\u00e3o tamb\u00e9m ser\u00e1 v\u00e1lida para as pessoas f\u00edsicas, no caso dos empregadores dom\u00e9sticos.<\/p>\n<p>\u00c9 importante salientar que, enquanto as <strong>mudan\u00e7as<\/strong> n\u00e3o forem implementadas, \u00e9 preciso continuar informando o <strong>eSocial<\/strong> como de costume e cumprir todos os prazos vigentes para o envio das informa\u00e7\u00f5es. Inclusive, desde 2018 as funda\u00e7\u00f5es de apoio tamb\u00e9m s\u00e3o obrigadas a usar o <strong>eSocial<\/strong> para prestar informa\u00e7\u00f5es trabalhistas, previdenci\u00e1rias e tribut\u00e1rias.<\/p>\n<p>A MP da Liberdade Econ\u00f4mica (MP 881\/2019), que altera regras trabalhistas e empresariais, trouxe tamb\u00e9m um dispositivo que exige <strong>mudan\u00e7as no eSocial<\/strong>. O texto n\u00e3o detalha quais s\u00e3o essas altera\u00e7\u00f5es, mas vimos neste artigo como o governo tem se posicionado sobre o tema. A ideia \u00e9 simplificar e desburocratizar o sistema, desonerando os empregadores.<\/p>\n<p>No mais, as exig\u00eancias para as funda\u00e7\u00f5es de apoio continuam v\u00e1lidas. Por isso, \u00e9 importante estreitar a rela\u00e7\u00e3o com os colaboradores, especialmente com a m\u00e3o-de-obra que fica alocada fora da funda\u00e7\u00e3o e que est\u00e1 subordinada aos coordenadores dos projetos.<\/p>\n<p>Gostou deste artigo? Aproveite para conferir nossos conte\u00fados em tempo real seguindo nossas p\u00e1ginas nas redes sociais. Estamos no <a href=\"https:\/\/www.facebook.com\/conveniar\" target=\"_blank\" rel=\"noopener\">Facebook<\/a>, no <a href=\"https:\/\/www.linkedin.com\/company\/softwareconveniar\/\" target=\"_blank\" rel=\"noopener\">LinkedIn<\/a> e no <a href=\"https:\/\/www.youtube.com\/channel\/UCJC0l-DhMikoqDFM0cHvRTQ\" target=\"_blank\" rel=\"noopener\">YouTube<\/a>!<\/p>\n","protected":false},"excerpt":{"rendered":"<p>Em julho de 2019, o governo federal anunciou que o eSocial passar\u00e1 por mudan\u00e7as significativas a partir de janeiro de 2020. O eSocial \u00e9 um sistema que foi criado para simplificar o envio de informa\u00e7\u00f5es sobre trabalhadores e permitir que as empresas forne\u00e7am os dados uma \u00fanica vez. Para as funda\u00e7\u00f5es de apoio, o uso [&hellip;]<\/p>\n","protected":false},"author":1,"featured_media":463,"comment_status":"closed","ping_status":"closed","sticky":false,"template":"","format":"standard","meta":{"footnotes":""},"categories":[39],"tags":[],"yoast_head":"<!-- This site is optimized with the Yoast SEO plugin v23.5 - https:\/\/yoast.com\/wordpress\/plugins\/seo\/ -->\n<title>Mudan\u00e7as no eSocial: o que voc\u00ea precisa saber em 2019 - Blog do Conveniar<\/title>\n<meta name=\"robots\" content=\"index, follow, max-snippet:-1, max-image-preview:large, max-video-preview:-1\" \/>\n<link rel=\"canonical\" href=\"https:\/\/www.conveniar.com.br\/blog\/mudancas-no-esocial-o-que-voce-precisa-saber-em-2019\/\" \/>\n<meta property=\"og:locale\" content=\"pt_BR\" \/>\n<meta property=\"og:type\" content=\"article\" \/>\n<meta property=\"og:title\" content=\"Mudan\u00e7as no eSocial: o que voc\u00ea precisa saber em 2019 - Blog do Conveniar\" \/>\n<meta property=\"og:description\" content=\"Em julho de 2019, o governo federal anunciou que o eSocial passar\u00e1 por mudan\u00e7as significativas a partir de janeiro de 2020. O eSocial \u00e9 um sistema que foi criado para simplificar o envio de informa\u00e7\u00f5es sobre trabalhadores e permitir que as empresas forne\u00e7am os dados uma \u00fanica vez. Para as funda\u00e7\u00f5es de apoio, o uso [&hellip;]\" \/>\n<meta property=\"og:url\" content=\"https:\/\/www.conveniar.com.br\/blog\/mudancas-no-esocial-o-que-voce-precisa-saber-em-2019\/\" \/>\n<meta property=\"og:site_name\" content=\"Blog do Conveniar\" \/>\n<meta property=\"article:published_time\" content=\"2019-09-23T16:58:10+00:00\" \/>\n<meta property=\"article:modified_time\" content=\"2020-08-27T11:08:47+00:00\" \/>\n<meta property=\"og:image\" content=\"https:\/\/www.conveniar.com.br\/blog\/wp-content\/uploads\/2019\/09\/original-9ef51d984a3dad8a83fd47041ebfd629.jpg\" \/>\n\t<meta property=\"og:image:width\" content=\"724\" \/>\n\t<meta property=\"og:image:height\" content=\"483\" \/>\n\t<meta property=\"og:image:type\" content=\"image\/jpeg\" \/>\n<meta name=\"author\" content=\"Conveniar\" \/>\n<meta name=\"twitter:card\" content=\"summary_large_image\" \/>\n<meta name=\"twitter:label1\" content=\"Escrito por\" \/>\n\t<meta name=\"twitter:data1\" content=\"Conveniar\" \/>\n\t<meta name=\"twitter:label2\" content=\"Est. tempo de leitura\" \/>\n\t<meta name=\"twitter:data2\" content=\"3 minutos\" \/>\n<script type=\"application\/ld+json\" class=\"yoast-schema-graph\">{\"@context\":\"https:\/\/schema.org\",\"@graph\":[{\"@type\":\"WebPage\",\"@id\":\"https:\/\/www.conveniar.com.br\/blog\/mudancas-no-esocial-o-que-voce-precisa-saber-em-2019\/\",\"url\":\"https:\/\/www.conveniar.com.br\/blog\/mudancas-no-esocial-o-que-voce-precisa-saber-em-2019\/\",\"name\":\"Mudan\u00e7as no eSocial: o que voc\u00ea precisa saber em 2019 - Blog do Conveniar\",\"isPartOf\":{\"@id\":\"https:\/\/www.conveniar.com.br\/blog\/#website\"},\"primaryImageOfPage\":{\"@id\":\"https:\/\/www.conveniar.com.br\/blog\/mudancas-no-esocial-o-que-voce-precisa-saber-em-2019\/#primaryimage\"},\"image\":{\"@id\":\"https:\/\/www.conveniar.com.br\/blog\/mudancas-no-esocial-o-que-voce-precisa-saber-em-2019\/#primaryimage\"},\"thumbnailUrl\":\"https:\/\/www.conveniar.com.br\/blog\/wp-content\/uploads\/2019\/09\/original-9ef51d984a3dad8a83fd47041ebfd629.jpg\",\"datePublished\":\"2019-09-23T16:58:10+00:00\",\"dateModified\":\"2020-08-27T11:08:47+00:00\",\"author\":{\"@id\":\"https:\/\/www.conveniar.com.br\/blog\/#\/schema\/person\/a146b69e24212cc4fd57fdbacc53ab63\"},\"inLanguage\":\"pt-BR\",\"potentialAction\":[{\"@type\":\"ReadAction\",\"target\":[\"https:\/\/www.conveniar.com.br\/blog\/mudancas-no-esocial-o-que-voce-precisa-saber-em-2019\/\"]}]},{\"@type\":\"ImageObject\",\"inLanguage\":\"pt-BR\",\"@id\":\"https:\/\/www.conveniar.com.br\/blog\/mudancas-no-esocial-o-que-voce-precisa-saber-em-2019\/#primaryimage\",\"url\":\"https:\/\/www.conveniar.com.br\/blog\/wp-content\/uploads\/2019\/09\/original-9ef51d984a3dad8a83fd47041ebfd629.jpg\",\"contentUrl\":\"https:\/\/www.conveniar.com.br\/blog\/wp-content\/uploads\/2019\/09\/original-9ef51d984a3dad8a83fd47041ebfd629.jpg\",\"width\":724,\"height\":483,\"caption\":\"Large group of unrecognizable business people waiting for a job interview. Focus is on man with blue clipboard.\"},{\"@type\":\"WebSite\",\"@id\":\"https:\/\/www.conveniar.com.br\/blog\/#website\",\"url\":\"https:\/\/www.conveniar.com.br\/blog\/\",\"name\":\"Blog do Conveniar\",\"description\":\"Excel\u00eancia em gest\u00e3o para funda\u00e7\u00f5es de apoio\",\"potentialAction\":[{\"@type\":\"SearchAction\",\"target\":{\"@type\":\"EntryPoint\",\"urlTemplate\":\"https:\/\/www.conveniar.com.br\/blog\/?s={search_term_string}\"},\"query-input\":{\"@type\":\"PropertyValueSpecification\",\"valueRequired\":true,\"valueName\":\"search_term_string\"}}],\"inLanguage\":\"pt-BR\"},{\"@type\":\"Person\",\"@id\":\"https:\/\/www.conveniar.com.br\/blog\/#\/schema\/person\/a146b69e24212cc4fd57fdbacc53ab63\",\"name\":\"Conveniar\",\"image\":{\"@type\":\"ImageObject\",\"inLanguage\":\"pt-BR\",\"@id\":\"https:\/\/www.conveniar.com.br\/blog\/#\/schema\/person\/image\/\",\"url\":\"https:\/\/secure.gravatar.com\/avatar\/40519883cfee056b1cbb92df8022a181?s=96&d=mm&r=g\",\"contentUrl\":\"https:\/\/secure.gravatar.com\/avatar\/40519883cfee056b1cbb92df8022a181?s=96&d=mm&r=g\",\"caption\":\"Conveniar\"},\"url\":\"https:\/\/www.conveniar.com.br\/blog\/author\/conveniar\/\"}]}<\/script>\n<!-- \/ Yoast SEO plugin. -->","yoast_head_json":{"title":"Mudan\u00e7as no eSocial: o que voc\u00ea precisa saber em 2019 - Blog do Conveniar","robots":{"index":"index","follow":"follow","max-snippet":"max-snippet:-1","max-image-preview":"max-image-preview:large","max-video-preview":"max-video-preview:-1"},"canonical":"https:\/\/www.conveniar.com.br\/blog\/mudancas-no-esocial-o-que-voce-precisa-saber-em-2019\/","og_locale":"pt_BR","og_type":"article","og_title":"Mudan\u00e7as no eSocial: o que voc\u00ea precisa saber em 2019 - Blog do Conveniar","og_description":"Em julho de 2019, o governo federal anunciou que o eSocial passar\u00e1 por mudan\u00e7as significativas a partir de janeiro de 2020. O eSocial \u00e9 um sistema que foi criado para simplificar o envio de informa\u00e7\u00f5es sobre trabalhadores e permitir que as empresas forne\u00e7am os dados uma \u00fanica vez. Para as funda\u00e7\u00f5es de apoio, o uso [&hellip;]","og_url":"https:\/\/www.conveniar.com.br\/blog\/mudancas-no-esocial-o-que-voce-precisa-saber-em-2019\/","og_site_name":"Blog do Conveniar","article_published_time":"2019-09-23T16:58:10+00:00","article_modified_time":"2020-08-27T11:08:47+00:00","og_image":[{"width":724,"height":483,"url":"https:\/\/www.conveniar.com.br\/blog\/wp-content\/uploads\/2019\/09\/original-9ef51d984a3dad8a83fd47041ebfd629.jpg","type":"image\/jpeg"}],"author":"Conveniar","twitter_card":"summary_large_image","twitter_misc":{"Escrito por":"Conveniar","Est. tempo de leitura":"3 minutos"},"schema":{"@context":"https:\/\/schema.org","@graph":[{"@type":"WebPage","@id":"https:\/\/www.conveniar.com.br\/blog\/mudancas-no-esocial-o-que-voce-precisa-saber-em-2019\/","url":"https:\/\/www.conveniar.com.br\/blog\/mudancas-no-esocial-o-que-voce-precisa-saber-em-2019\/","name":"Mudan\u00e7as no eSocial: o que voc\u00ea precisa saber em 2019 - Blog do Conveniar","isPartOf":{"@id":"https:\/\/www.conveniar.com.br\/blog\/#website"},"primaryImageOfPage":{"@id":"https:\/\/www.conveniar.com.br\/blog\/mudancas-no-esocial-o-que-voce-precisa-saber-em-2019\/#primaryimage"},"image":{"@id":"https:\/\/www.conveniar.com.br\/blog\/mudancas-no-esocial-o-que-voce-precisa-saber-em-2019\/#primaryimage"},"thumbnailUrl":"https:\/\/www.conveniar.com.br\/blog\/wp-content\/uploads\/2019\/09\/original-9ef51d984a3dad8a83fd47041ebfd629.jpg","datePublished":"2019-09-23T16:58:10+00:00","dateModified":"2020-08-27T11:08:47+00:00","author":{"@id":"https:\/\/www.conveniar.com.br\/blog\/#\/schema\/person\/a146b69e24212cc4fd57fdbacc53ab63"},"inLanguage":"pt-BR","potentialAction":[{"@type":"ReadAction","target":["https:\/\/www.conveniar.com.br\/blog\/mudancas-no-esocial-o-que-voce-precisa-saber-em-2019\/"]}]},{"@type":"ImageObject","inLanguage":"pt-BR","@id":"https:\/\/www.conveniar.com.br\/blog\/mudancas-no-esocial-o-que-voce-precisa-saber-em-2019\/#primaryimage","url":"https:\/\/www.conveniar.com.br\/blog\/wp-content\/uploads\/2019\/09\/original-9ef51d984a3dad8a83fd47041ebfd629.jpg","contentUrl":"https:\/\/www.conveniar.com.br\/blog\/wp-content\/uploads\/2019\/09\/original-9ef51d984a3dad8a83fd47041ebfd629.jpg","width":724,"height":483,"caption":"Large group of unrecognizable business people waiting for a job interview. Focus is on man with blue clipboard."},{"@type":"WebSite","@id":"https:\/\/www.conveniar.com.br\/blog\/#website","url":"https:\/\/www.conveniar.com.br\/blog\/","name":"Blog do Conveniar","description":"Excel\u00eancia em gest\u00e3o para funda\u00e7\u00f5es de apoio","potentialAction":[{"@type":"SearchAction","target":{"@type":"EntryPoint","urlTemplate":"https:\/\/www.conveniar.com.br\/blog\/?s={search_term_string}"},"query-input":{"@type":"PropertyValueSpecification","valueRequired":true,"valueName":"search_term_string"}}],"inLanguage":"pt-BR"},{"@type":"Person","@id":"https:\/\/www.conveniar.com.br\/blog\/#\/schema\/person\/a146b69e24212cc4fd57fdbacc53ab63","name":"Conveniar","image":{"@type":"ImageObject","inLanguage":"pt-BR","@id":"https:\/\/www.conveniar.com.br\/blog\/#\/schema\/person\/image\/","url":"https:\/\/secure.gravatar.com\/avatar\/40519883cfee056b1cbb92df8022a181?s=96&d=mm&r=g","contentUrl":"https:\/\/secure.gravatar.com\/avatar\/40519883cfee056b1cbb92df8022a181?s=96&d=mm&r=g","caption":"Conveniar"},"url":"https:\/\/www.conveniar.com.br\/blog\/author\/conveniar\/"}]}},"_links":{"self":[{"href":"https:\/\/www.conveniar.com.br\/blog\/wp-json\/wp\/v2\/posts\/461"}],"collection":[{"href":"https:\/\/www.conveniar.com.br\/blog\/wp-json\/wp\/v2\/posts"}],"about":[{"href":"https:\/\/www.conveniar.com.br\/blog\/wp-json\/wp\/v2\/types\/post"}],"author":[{"embeddable":true,"href":"https:\/\/www.conveniar.com.br\/blog\/wp-json\/wp\/v2\/users\/1"}],"replies":[{"embeddable":true,"href":"https:\/\/www.conveniar.com.br\/blog\/wp-json\/wp\/v2\/comments?post=461"}],"version-history":[{"count":1,"href":"https:\/\/www.conveniar.com.br\/blog\/wp-json\/wp\/v2\/posts\/461\/revisions"}],"predecessor-version":[{"id":464,"href":"https:\/\/www.conveniar.com.br\/blog\/wp-json\/wp\/v2\/posts\/461\/revisions\/464"}],"wp:featuredmedia":[{"embeddable":true,"href":"https:\/\/www.conveniar.com.br\/blog\/wp-json\/wp\/v2\/media\/463"}],"wp:attachment":[{"href":"https:\/\/www.conveniar.com.br\/blog\/wp-json\/wp\/v2\/media?parent=461"}],"wp:term":[{"taxonomy":"category","embeddable":true,"href":"https:\/\/www.conveniar.com.br\/blog\/wp-json\/wp\/v2\/categories?post=461"},{"taxonomy":"post_tag","embeddable":true,"href":"https:\/\/www.conveniar.com.br\/blog\/wp-json\/wp\/v2\/tags?post=461"}],"curies":[{"name":"wp","href":"https:\/\/api.w.org\/{rel}","templated":true}]}}