{"id":67,"date":"2018-03-06T09:20:16","date_gmt":"2018-03-06T12:20:16","guid":{"rendered":"https:\/\/www.conveniar.com.br\/blog\/?p=67"},"modified":"2019-10-28T16:59:59","modified_gmt":"2019-10-28T19:59:59","slug":"os-modelos-de-integracao-do-conveniar","status":"publish","type":"post","link":"https:\/\/www.conveniar.com.br\/blog\/os-modelos-de-integracao-do-conveniar\/","title":{"rendered":"Os modelos de integra\u00e7\u00e3o do Conveniar"},"content":{"rendered":"<p>A comunica\u00e7\u00e3o entre <em>softwares<\/em> deve ser um processo altamente personalizado que depende de cada cliente e como se d\u00e1 o funcionamento dos seus processos internos.<\/p>\n<p>\u201cIntegra\u00e7\u00e3o? Por que eu devo gerir mais de um <em>software<\/em> para atender a demanda da minha funda\u00e7\u00e3o? Quero um sistema que me atenda de maneira plena!\u201d<\/p>\n<h2><strong>Especialista x generalista<\/strong><\/h2>\n<p><strong>Jo\u00e3o<\/strong> trabalha h\u00e1 10 anos na \u00e1rea de contabilidade. Conhece todos as dificuldades e os passos necess\u00e1rios para seguir \u00e0 risca a legisla\u00e7\u00e3o. \u00c9 um ex\u00edmio profissional e especialista no assunto. Conhece os processos do financeiro, mas n\u00e3o se aprofunda no assunto.<\/p>\n<p><strong>Jorge<\/strong> trabalha h\u00e1 8 anos na \u00e1rea financeira. \u00c9 especialista. Sabe como ningu\u00e9m se relacionar com institui\u00e7\u00f5es financeiras, mantem a equipe na linha para entregar concilia\u00e7\u00f5es e baixas peri\u00f3dicas. Interage tranquilamente com os outros setores, apesar de n\u00e3o conhecer com detalhes as demais \u00e1reas.<\/p>\n<p><strong>Carlos<\/strong>, trabalha h\u00e1 7 anos na \u00e1rea financeiro\/cont\u00e1bil, consegue se virar nos dois setores. N\u00e3o compromete, mas n\u00e3o \u00e9 brilhante quando requisitado.<\/p>\n<p>Voc\u00ea contrataria Jo\u00e3o e Jorge e faria os dois trabalharem em conjunto ou optaria pelo Carlos?<\/p>\n<p>Em muitos casos, contratar s\u00f3 o Jorge e terceirizar a contabilidade j\u00e1 resolve os seus problemas, mas se o volume de pagamentos\/recebimentos for muito grande, voc\u00ea ter\u00e1 que contratar um especialista em cada assunto, certo?<\/p>\n<p>O trabalho do Jo\u00e3o e do Jorge deve ser <strong>integrado<\/strong>. \u00c9 essencial que a intera\u00e7\u00e3o entre os dois seja alinhada para um bom desempenho da funda\u00e7\u00e3o.<\/p>\n<p>Com o Conveniar n\u00e3o \u00e9 diferente, e \u00e9 por isso que hoje vamos tratar do tema integra\u00e7\u00e3o.<\/p>\n<h2><strong>Quais s\u00e3o os modelos de integra\u00e7\u00e3o oferecidos pelo Conveniar?<\/strong><\/h2>\n<p>Sempre somos questionados sobre a disponibilidade de uma API estruturada para integra\u00e7\u00e3o online dos fluxos financeiros e cont\u00e1beis com outros softwares. Para um sistema focado em funda\u00e7\u00f5es de apoio e com um nicho de mercado bem espec\u00edfico, <strong>\u00e9 nossa obriga\u00e7\u00e3o integrar com qualquer outro software em uso na funda\u00e7\u00e3o<\/strong>, desde que encaixe no processo atual e haja possibilidade para tal.<\/p>\n<p>Quem dita o modelo de integra\u00e7\u00e3o \u00e9 a estrutura de comunica\u00e7\u00e3o disponibilizada pelo ERP. Temos integra\u00e7\u00f5es em funcionamento utilizando os seguintes m\u00e9todos:<\/p>\n<ul>\n<li>Integra\u00e7\u00e3o via troca de arquivos texto e Excel.<\/li>\n<li>Integra\u00e7\u00e3o via banco de dados.<\/li>\n<li>Integra\u00e7\u00e3o utilizando API Rest.<\/li>\n<\/ul>\n<p>Independente do modelo escolhido, \u00e9 importante que seja validado os impactos com todos os envolvidos no projeto.<\/p>\n<h2><strong>Quais s\u00e3o os sistemas que j\u00e1 se comunicam com o Conveniar?<\/strong><\/h2>\n<div id=\"attachment_70\" style=\"width: 820px\" class=\"wp-caption aligncenter\"><img loading=\"lazy\" decoding=\"async\" aria-describedby=\"caption-attachment-70\" class=\"wp-image-70 size-full\" src=\"https:\/\/www.conveniar.com.br\/blog\/wp-content\/uploads\/2018\/03\/logo-erp.jpg\" alt=\"ERPs integrados com o Conveniar\" width=\"810\" height=\"89\" srcset=\"https:\/\/www.conveniar.com.br\/blog\/wp-content\/uploads\/2018\/03\/logo-erp.jpg 810w, https:\/\/www.conveniar.com.br\/blog\/wp-content\/uploads\/2018\/03\/logo-erp-300x33.jpg 300w, https:\/\/www.conveniar.com.br\/blog\/wp-content\/uploads\/2018\/03\/logo-erp-768x84.jpg 768w\" sizes=\"(max-width: 810px) 100vw, 810px\" \/><p id=\"caption-attachment-70\" class=\"wp-caption-text\">Alguns dos principais softwares que possuem integra\u00e7\u00e3o com o Conveniar<\/p><\/div>\n<h3><strong>1 \u2013 ERPs financeiros<\/strong><\/h3>\n<p>Para funda\u00e7\u00f5es que possuam um alto fluxo financeiro ou que j\u00e1 operam um sistema para pagamentos, recebimentos, c\u00e1lculos de impostos e emiss\u00e3o de notas, o desafio \u00e9 inserir o Conveniar nesse processo sem perda para a equipe financeira.<\/p>\n<p>Todos os lan\u00e7amentos aprovados no Conveniar s\u00e3o enviados para o ERP financeiro para execu\u00e7\u00e3o do pagamento e posterior baixa. Quando baixados, o Conveniar \u00e9 informado e todos os lan\u00e7amentos s\u00e3o liquidados. Tudo isso de forma transparente para os usu\u00e1rios envolvidos.<\/p>\n<h3><strong>2 \u2013 Sistemas cont\u00e1beis<\/strong><\/h3>\n<p>Para as funda\u00e7\u00f5es que utilizam o m\u00f3dulo financeiro do Conveniar, ao finalizar o processo de pagamento e baixa do t\u00edtulo, os lan\u00e7amentos financeiros s\u00e3o enviados diretamente para o sistema da equipe cont\u00e1bil para os devidos tratamentos.<\/p>\n<h3><strong>3 \u2013 Sistemas de folha<\/strong><\/h3>\n<p>As folhas de pagamento s\u00e3o lan\u00e7adas no Conveniar como informa\u00e7\u00e3o essencial para a gest\u00e3o de projetos. Caso a funda\u00e7\u00e3o tenha um sistema para c\u00e1lculo detalhado da folha, h\u00e1 duas formas distintas de integra\u00e7\u00e3o:<\/p>\n<ul>\n<li>Importa\u00e7\u00e3o no Conveniar da folha de pagamento gerada pelo sistema de folha: \u00e9 \u00fatil quando existem folhas de pagamento extensas ou quando os dados consolidados lan\u00e7ados no Conveniar n\u00e3o s\u00e3o suficientes para a presta\u00e7\u00e3o de contas.<\/li>\n<li>Envio dos pagamentos de pessoa f\u00edsica (com ou sem c\u00e1lculo de impostos) para os devidos tratamentos do eSocial.<\/li>\n<\/ul>\n<h3><img loading=\"lazy\" decoding=\"async\" class=\"aligncenter size-full wp-image-71\" src=\"https:\/\/www.conveniar.com.br\/blog\/wp-content\/uploads\/2018\/03\/logo-meiospagamento.jpg\" alt=\"Integra\u00e7\u00e3o Cielo e IUGU\" width=\"810\" height=\"89\" srcset=\"https:\/\/www.conveniar.com.br\/blog\/wp-content\/uploads\/2018\/03\/logo-meiospagamento.jpg 810w, https:\/\/www.conveniar.com.br\/blog\/wp-content\/uploads\/2018\/03\/logo-meiospagamento-300x33.jpg 300w, https:\/\/www.conveniar.com.br\/blog\/wp-content\/uploads\/2018\/03\/logo-meiospagamento-768x84.jpg 768w\" sizes=\"(max-width: 810px) 100vw, 810px\" \/><\/h3>\n<h3><strong>4 \u2013 Meios digitais de pagamento<\/strong><\/h3>\n<p>Para possibilitar outros meios de pagamento na gest\u00e3o dos cursos e eventos, o Conveniar desenvolveu a integra\u00e7\u00e3o com os sistemas financeiros da <a href=\"https:\/\/www.cielo.com.br\">Cielo<\/a> e da <a href=\"https:\/\/iugu.com\">IUGU<\/a>.<\/p>\n<p>Seja com tarifas mais em conta para as transa\u00e7\u00f5es financeiras ou a possibilidade de pagamento com cart\u00e3o de cr\u00e9dito. O importante \u00e9 abrir o leque de op\u00e7\u00f5es para os interessados em participar de cursos e\/ou eventos promovidos pela funda\u00e7\u00e3o.<\/p>\n<h3><strong>5 \u2013 Entidades financiadores<\/strong><\/h3>\n<p>Especialmente para as funda\u00e7\u00f5es de Minas Gerais, o Conveniar oferece a integra\u00e7\u00e3o com o Everest, sistema de gest\u00e3o de conv\u00eanios da FAPEMIG.<\/p>\n<p>Tanto para o cadastro dos projetos nos moldes exigidos pela entidade, quanto na gera\u00e7\u00e3o autom\u00e1tica das presta\u00e7\u00f5es de conta, a integra\u00e7\u00e3o oferece agilidade e facilidade no atendimento das demandas impostas pela FAPEMIG.<\/p>\n<p><img loading=\"lazy\" decoding=\"async\" class=\"aligncenter size-full wp-image-69\" src=\"https:\/\/www.conveniar.com.br\/blog\/wp-content\/uploads\/2018\/03\/logo-bancos.jpg\" alt=\"Integra\u00e7\u00e3o com sistemas banc\u00e1rios\" width=\"810\" height=\"89\" srcset=\"https:\/\/www.conveniar.com.br\/blog\/wp-content\/uploads\/2018\/03\/logo-bancos.jpg 810w, https:\/\/www.conveniar.com.br\/blog\/wp-content\/uploads\/2018\/03\/logo-bancos-300x33.jpg 300w, https:\/\/www.conveniar.com.br\/blog\/wp-content\/uploads\/2018\/03\/logo-bancos-768x84.jpg 768w\" sizes=\"(max-width: 810px) 100vw, 810px\" \/><\/p>\n<h3><strong>6 \u2013 Sistemas banc\u00e1rios<\/strong><\/h3>\n<p>A comunica\u00e7\u00e3o com os sistemas banc\u00e1rios est\u00e1 garantida pelo Conveniar. O sistema possui integra\u00e7\u00f5es com os principais bancos brasileiros: Banco do Brasil, It\u00e1u, SICOOB, Caixa Econ\u00f4mica, Santander, Bradesco e Mercantil do Brasil.<\/p>\n<p>Todos eles atendem a recente demanda de registro dos boletos. Alguns j\u00e1 possuem registro autom\u00e1tico das remessas, utilizando o servi\u00e7o de com\u00e9rcio eletr\u00f4nico.<\/p>\n<p>Para o Banco do Brasil, em especial, o Conveniar oferece tamb\u00e9m a integra\u00e7\u00e3o completa para envio de pagamentos e retorno de baixas. Ganho de agilidade e efici\u00eancia no dia a dia do financeiro.<\/p>\n<h2><strong>A solu\u00e7\u00e3o personalizada<\/strong><\/h2>\n<p>Cada integra\u00e7\u00e3o \u00e9 \u00fanica. Valorizamos a personaliza\u00e7\u00e3o e a necessidade do cliente. Nosso processo de integra\u00e7\u00e3o vai muito al\u00e9m da cria\u00e7\u00e3o de rotinas e c\u00f3digos. Analisamos os processos impactados, alinhamos com a equipe as informa\u00e7\u00f5es que ser\u00e3o enviadas e recebidas, testamos o processo com os setores da funda\u00e7\u00e3o e ajustamos quando necess\u00e1rio.<\/p>\n<p>O mais importante \u00e9 a adaptabilidade do Conveniar frente as demandas da funda\u00e7\u00e3o. Com uma estrutura de integra\u00e7\u00e3o consolidada, o sistema oferece uma base s\u00f3lida para personaliza\u00e7\u00e3o e comunica\u00e7\u00e3o com diferentes estruturas.<\/p>\n","protected":false},"excerpt":{"rendered":"<p>A comunica\u00e7\u00e3o entre softwares deve ser um processo altamente personalizado que depende de cada cliente e como se d\u00e1 o funcionamento dos seus processos internos. \u201cIntegra\u00e7\u00e3o? Por que eu devo gerir mais de um software para atender a demanda da minha funda\u00e7\u00e3o? Quero um sistema que me atenda de maneira plena!\u201d Especialista x generalista Jo\u00e3o [&hellip;]<\/p>\n","protected":false},"author":2,"featured_media":68,"comment_status":"closed","ping_status":"closed","sticky":false,"template":"","format":"standard","meta":{"footnotes":""},"categories":[58],"tags":[14,13,12,15],"yoast_head":"<!-- This site is optimized with the Yoast SEO plugin v23.5 - https:\/\/yoast.com\/wordpress\/plugins\/seo\/ -->\n<title>Os modelos de integra\u00e7\u00e3o do Conveniar - Blog do Conveniar<\/title>\n<meta name=\"description\" content=\"A comunica\u00e7\u00e3o entre softwares deve ser um processo altamente personalizado que depende de cada cliente e como se d\u00e1 o funcionamento dos seus processos internos. \u201cIntegra\u00e7\u00e3o? Por que eu devo gerir mais de um software para atender a demanda da minha funda\u00e7\u00e3o? Quero um sistema que me atenda de maneira plena!\u201d\" \/>\n<meta name=\"robots\" content=\"index, follow, max-snippet:-1, max-image-preview:large, max-video-preview:-1\" \/>\n<link rel=\"canonical\" href=\"https:\/\/www.conveniar.com.br\/blog\/os-modelos-de-integracao-do-conveniar\/\" \/>\n<meta property=\"og:locale\" content=\"pt_BR\" \/>\n<meta property=\"og:type\" content=\"article\" \/>\n<meta property=\"og:title\" content=\"Os modelos de integra\u00e7\u00e3o do Conveniar - Blog do Conveniar\" \/>\n<meta property=\"og:description\" content=\"A comunica\u00e7\u00e3o entre softwares deve ser um processo altamente personalizado que depende de cada cliente e como se d\u00e1 o funcionamento dos seus processos internos. \u201cIntegra\u00e7\u00e3o? Por que eu devo gerir mais de um software para atender a demanda da minha funda\u00e7\u00e3o? Quero um sistema que me atenda de maneira plena!\u201d\" \/>\n<meta property=\"og:url\" content=\"https:\/\/www.conveniar.com.br\/blog\/os-modelos-de-integracao-do-conveniar\/\" \/>\n<meta property=\"og:site_name\" content=\"Blog do Conveniar\" \/>\n<meta property=\"article:published_time\" content=\"2018-03-06T12:20:16+00:00\" \/>\n<meta property=\"article:modified_time\" content=\"2019-10-28T19:59:59+00:00\" \/>\n<meta property=\"og:image\" content=\"https:\/\/www.conveniar.com.br\/blog\/wp-content\/uploads\/2018\/03\/Os-modelos-de-integra\u00e7\u00e3o-do-Conveniar.jpg\" \/>\n\t<meta property=\"og:image:width\" content=\"600\" \/>\n\t<meta property=\"og:image:height\" content=\"312\" \/>\n\t<meta property=\"og:image:type\" content=\"image\/jpeg\" \/>\n<meta name=\"author\" content=\"Jo\u00e3o Paulo Peixoto de Amorim\" \/>\n<meta name=\"twitter:card\" content=\"summary_large_image\" \/>\n<meta name=\"twitter:label1\" content=\"Escrito por\" \/>\n\t<meta name=\"twitter:data1\" content=\"Jo\u00e3o Paulo Peixoto de Amorim\" \/>\n\t<meta name=\"twitter:label2\" content=\"Est. tempo de leitura\" \/>\n\t<meta name=\"twitter:data2\" content=\"5 minutos\" \/>\n<script type=\"application\/ld+json\" class=\"yoast-schema-graph\">{\"@context\":\"https:\/\/schema.org\",\"@graph\":[{\"@type\":\"WebPage\",\"@id\":\"https:\/\/www.conveniar.com.br\/blog\/os-modelos-de-integracao-do-conveniar\/\",\"url\":\"https:\/\/www.conveniar.com.br\/blog\/os-modelos-de-integracao-do-conveniar\/\",\"name\":\"Os modelos de integra\u00e7\u00e3o do Conveniar - Blog do Conveniar\",\"isPartOf\":{\"@id\":\"https:\/\/www.conveniar.com.br\/blog\/#website\"},\"primaryImageOfPage\":{\"@id\":\"https:\/\/www.conveniar.com.br\/blog\/os-modelos-de-integracao-do-conveniar\/#primaryimage\"},\"image\":{\"@id\":\"https:\/\/www.conveniar.com.br\/blog\/os-modelos-de-integracao-do-conveniar\/#primaryimage\"},\"thumbnailUrl\":\"https:\/\/www.conveniar.com.br\/blog\/wp-content\/uploads\/2018\/03\/Os-modelos-de-integra\u00e7\u00e3o-do-Conveniar.jpg\",\"datePublished\":\"2018-03-06T12:20:16+00:00\",\"dateModified\":\"2019-10-28T19:59:59+00:00\",\"author\":{\"@id\":\"https:\/\/www.conveniar.com.br\/blog\/#\/schema\/person\/c1f2b851cd79f3dadf5b67596e49337b\"},\"description\":\"A comunica\u00e7\u00e3o entre softwares deve ser um processo altamente personalizado que depende de cada cliente e como se d\u00e1 o funcionamento dos seus processos internos. \u201cIntegra\u00e7\u00e3o? Por que eu devo gerir mais de um software para atender a demanda da minha funda\u00e7\u00e3o? Quero um sistema que me atenda de maneira plena!\u201d\",\"inLanguage\":\"pt-BR\",\"potentialAction\":[{\"@type\":\"ReadAction\",\"target\":[\"https:\/\/www.conveniar.com.br\/blog\/os-modelos-de-integracao-do-conveniar\/\"]}]},{\"@type\":\"ImageObject\",\"inLanguage\":\"pt-BR\",\"@id\":\"https:\/\/www.conveniar.com.br\/blog\/os-modelos-de-integracao-do-conveniar\/#primaryimage\",\"url\":\"https:\/\/www.conveniar.com.br\/blog\/wp-content\/uploads\/2018\/03\/Os-modelos-de-integra\u00e7\u00e3o-do-Conveniar.jpg\",\"contentUrl\":\"https:\/\/www.conveniar.com.br\/blog\/wp-content\/uploads\/2018\/03\/Os-modelos-de-integra\u00e7\u00e3o-do-Conveniar.jpg\",\"width\":600,\"height\":312,\"caption\":\"Os modelos de integra\u00e7\u00e3o do Conveniar\"},{\"@type\":\"WebSite\",\"@id\":\"https:\/\/www.conveniar.com.br\/blog\/#website\",\"url\":\"https:\/\/www.conveniar.com.br\/blog\/\",\"name\":\"Blog do Conveniar\",\"description\":\"Excel\u00eancia em gest\u00e3o para funda\u00e7\u00f5es de apoio\",\"potentialAction\":[{\"@type\":\"SearchAction\",\"target\":{\"@type\":\"EntryPoint\",\"urlTemplate\":\"https:\/\/www.conveniar.com.br\/blog\/?s={search_term_string}\"},\"query-input\":{\"@type\":\"PropertyValueSpecification\",\"valueRequired\":true,\"valueName\":\"search_term_string\"}}],\"inLanguage\":\"pt-BR\"},{\"@type\":\"Person\",\"@id\":\"https:\/\/www.conveniar.com.br\/blog\/#\/schema\/person\/c1f2b851cd79f3dadf5b67596e49337b\",\"name\":\"Jo\u00e3o Paulo Peixoto de Amorim\",\"image\":{\"@type\":\"ImageObject\",\"inLanguage\":\"pt-BR\",\"@id\":\"https:\/\/www.conveniar.com.br\/blog\/#\/schema\/person\/image\/\",\"url\":\"https:\/\/secure.gravatar.com\/avatar\/4a9b7c87593b4e17cc261370e5f0fe90?s=96&d=mm&r=g\",\"contentUrl\":\"https:\/\/secure.gravatar.com\/avatar\/4a9b7c87593b4e17cc261370e5f0fe90?s=96&d=mm&r=g\",\"caption\":\"Jo\u00e3o Paulo Peixoto de Amorim\"},\"description\":\"Graduado em Ci\u00eancia da Computa\u00e7\u00e3o pela Universidade Federal de Vi\u00e7osa, atualmente \u00e9 s\u00f3cio e diretor do Conveniar. Atua com consultoria, auditoria e implanta\u00e7\u00e3o do sistema em funda\u00e7\u00f5es de apoio. Apaixonado por tecnologia e gest\u00e3o, acredita que esse \u00e9 o caminho para se criar um ambiente de excel\u00eancia na gest\u00e3o das funda\u00e7\u00f5es.\",\"sameAs\":[\"http:\/\/www.conveniar.com.br\"],\"url\":\"https:\/\/www.conveniar.com.br\/blog\/author\/joaopaulo\/\"}]}<\/script>\n<!-- \/ Yoast SEO plugin. -->","yoast_head_json":{"title":"Os modelos de integra\u00e7\u00e3o do Conveniar - Blog do Conveniar","description":"A comunica\u00e7\u00e3o entre softwares deve ser um processo altamente personalizado que depende de cada cliente e como se d\u00e1 o funcionamento dos seus processos internos. \u201cIntegra\u00e7\u00e3o? Por que eu devo gerir mais de um software para atender a demanda da minha funda\u00e7\u00e3o? Quero um sistema que me atenda de maneira plena!\u201d","robots":{"index":"index","follow":"follow","max-snippet":"max-snippet:-1","max-image-preview":"max-image-preview:large","max-video-preview":"max-video-preview:-1"},"canonical":"https:\/\/www.conveniar.com.br\/blog\/os-modelos-de-integracao-do-conveniar\/","og_locale":"pt_BR","og_type":"article","og_title":"Os modelos de integra\u00e7\u00e3o do Conveniar - Blog do Conveniar","og_description":"A comunica\u00e7\u00e3o entre softwares deve ser um processo altamente personalizado que depende de cada cliente e como se d\u00e1 o funcionamento dos seus processos internos. \u201cIntegra\u00e7\u00e3o? Por que eu devo gerir mais de um software para atender a demanda da minha funda\u00e7\u00e3o? Quero um sistema que me atenda de maneira plena!\u201d","og_url":"https:\/\/www.conveniar.com.br\/blog\/os-modelos-de-integracao-do-conveniar\/","og_site_name":"Blog do Conveniar","article_published_time":"2018-03-06T12:20:16+00:00","article_modified_time":"2019-10-28T19:59:59+00:00","og_image":[{"width":600,"height":312,"url":"https:\/\/www.conveniar.com.br\/blog\/wp-content\/uploads\/2018\/03\/Os-modelos-de-integra\u00e7\u00e3o-do-Conveniar.jpg","type":"image\/jpeg"}],"author":"Jo\u00e3o Paulo Peixoto de Amorim","twitter_card":"summary_large_image","twitter_misc":{"Escrito por":"Jo\u00e3o Paulo Peixoto de Amorim","Est. tempo de leitura":"5 minutos"},"schema":{"@context":"https:\/\/schema.org","@graph":[{"@type":"WebPage","@id":"https:\/\/www.conveniar.com.br\/blog\/os-modelos-de-integracao-do-conveniar\/","url":"https:\/\/www.conveniar.com.br\/blog\/os-modelos-de-integracao-do-conveniar\/","name":"Os modelos de integra\u00e7\u00e3o do Conveniar - Blog do Conveniar","isPartOf":{"@id":"https:\/\/www.conveniar.com.br\/blog\/#website"},"primaryImageOfPage":{"@id":"https:\/\/www.conveniar.com.br\/blog\/os-modelos-de-integracao-do-conveniar\/#primaryimage"},"image":{"@id":"https:\/\/www.conveniar.com.br\/blog\/os-modelos-de-integracao-do-conveniar\/#primaryimage"},"thumbnailUrl":"https:\/\/www.conveniar.com.br\/blog\/wp-content\/uploads\/2018\/03\/Os-modelos-de-integra\u00e7\u00e3o-do-Conveniar.jpg","datePublished":"2018-03-06T12:20:16+00:00","dateModified":"2019-10-28T19:59:59+00:00","author":{"@id":"https:\/\/www.conveniar.com.br\/blog\/#\/schema\/person\/c1f2b851cd79f3dadf5b67596e49337b"},"description":"A comunica\u00e7\u00e3o entre softwares deve ser um processo altamente personalizado que depende de cada cliente e como se d\u00e1 o funcionamento dos seus processos internos. \u201cIntegra\u00e7\u00e3o? Por que eu devo gerir mais de um software para atender a demanda da minha funda\u00e7\u00e3o? Quero um sistema que me atenda de maneira plena!\u201d","inLanguage":"pt-BR","potentialAction":[{"@type":"ReadAction","target":["https:\/\/www.conveniar.com.br\/blog\/os-modelos-de-integracao-do-conveniar\/"]}]},{"@type":"ImageObject","inLanguage":"pt-BR","@id":"https:\/\/www.conveniar.com.br\/blog\/os-modelos-de-integracao-do-conveniar\/#primaryimage","url":"https:\/\/www.conveniar.com.br\/blog\/wp-content\/uploads\/2018\/03\/Os-modelos-de-integra\u00e7\u00e3o-do-Conveniar.jpg","contentUrl":"https:\/\/www.conveniar.com.br\/blog\/wp-content\/uploads\/2018\/03\/Os-modelos-de-integra\u00e7\u00e3o-do-Conveniar.jpg","width":600,"height":312,"caption":"Os modelos de integra\u00e7\u00e3o do Conveniar"},{"@type":"WebSite","@id":"https:\/\/www.conveniar.com.br\/blog\/#website","url":"https:\/\/www.conveniar.com.br\/blog\/","name":"Blog do Conveniar","description":"Excel\u00eancia em gest\u00e3o para funda\u00e7\u00f5es de apoio","potentialAction":[{"@type":"SearchAction","target":{"@type":"EntryPoint","urlTemplate":"https:\/\/www.conveniar.com.br\/blog\/?s={search_term_string}"},"query-input":{"@type":"PropertyValueSpecification","valueRequired":true,"valueName":"search_term_string"}}],"inLanguage":"pt-BR"},{"@type":"Person","@id":"https:\/\/www.conveniar.com.br\/blog\/#\/schema\/person\/c1f2b851cd79f3dadf5b67596e49337b","name":"Jo\u00e3o Paulo Peixoto de Amorim","image":{"@type":"ImageObject","inLanguage":"pt-BR","@id":"https:\/\/www.conveniar.com.br\/blog\/#\/schema\/person\/image\/","url":"https:\/\/secure.gravatar.com\/avatar\/4a9b7c87593b4e17cc261370e5f0fe90?s=96&d=mm&r=g","contentUrl":"https:\/\/secure.gravatar.com\/avatar\/4a9b7c87593b4e17cc261370e5f0fe90?s=96&d=mm&r=g","caption":"Jo\u00e3o Paulo Peixoto de Amorim"},"description":"Graduado em Ci\u00eancia da Computa\u00e7\u00e3o pela Universidade Federal de Vi\u00e7osa, atualmente \u00e9 s\u00f3cio e diretor do Conveniar. Atua com consultoria, auditoria e implanta\u00e7\u00e3o do sistema em funda\u00e7\u00f5es de apoio. Apaixonado por tecnologia e gest\u00e3o, acredita que esse \u00e9 o caminho para se criar um ambiente de excel\u00eancia na gest\u00e3o das funda\u00e7\u00f5es.","sameAs":["http:\/\/www.conveniar.com.br"],"url":"https:\/\/www.conveniar.com.br\/blog\/author\/joaopaulo\/"}]}},"_links":{"self":[{"href":"https:\/\/www.conveniar.com.br\/blog\/wp-json\/wp\/v2\/posts\/67"}],"collection":[{"href":"https:\/\/www.conveniar.com.br\/blog\/wp-json\/wp\/v2\/posts"}],"about":[{"href":"https:\/\/www.conveniar.com.br\/blog\/wp-json\/wp\/v2\/types\/post"}],"author":[{"embeddable":true,"href":"https:\/\/www.conveniar.com.br\/blog\/wp-json\/wp\/v2\/users\/2"}],"replies":[{"embeddable":true,"href":"https:\/\/www.conveniar.com.br\/blog\/wp-json\/wp\/v2\/comments?post=67"}],"version-history":[{"count":1,"href":"https:\/\/www.conveniar.com.br\/blog\/wp-json\/wp\/v2\/posts\/67\/revisions"}],"predecessor-version":[{"id":72,"href":"https:\/\/www.conveniar.com.br\/blog\/wp-json\/wp\/v2\/posts\/67\/revisions\/72"}],"wp:featuredmedia":[{"embeddable":true,"href":"https:\/\/www.conveniar.com.br\/blog\/wp-json\/wp\/v2\/media\/68"}],"wp:attachment":[{"href":"https:\/\/www.conveniar.com.br\/blog\/wp-json\/wp\/v2\/media?parent=67"}],"wp:term":[{"taxonomy":"category","embeddable":true,"href":"https:\/\/www.conveniar.com.br\/blog\/wp-json\/wp\/v2\/categories?post=67"},{"taxonomy":"post_tag","embeddable":true,"href":"https:\/\/www.conveniar.com.br\/blog\/wp-json\/wp\/v2\/tags?post=67"}],"curies":[{"name":"wp","href":"https:\/\/api.w.org\/{rel}","templated":true}]}}